{"id":1156,"date":"2019-07-18T23:38:22","date_gmt":"2019-07-19T04:38:22","guid":{"rendered":"https:\/\/www.aciamericas.coop\/xxiconferencia\/?p=1156"},"modified":"2019-07-18T23:39:44","modified_gmt":"2019-07-19T04:39:44","slug":"jornadas-preparatorias","status":"publish","type":"post","link":"https:\/\/www.aciamericas.coop\/xxiconferencia\/jornadas-preparatorias\/","title":{"rendered":"Congreso Continental de Derecho Cooperativo Jornadas Preparatorias"},"content":{"rendered":"<p class=\"p1\">La realizaci\u00f3n del Congreso Continental de Derecho Cooperativo que tendr\u00e1 lugar en San Jos\u00e9 de Costa Rica en noviembre de 2019 con el apoyo del Colegio de Abogados de ese pa\u00eds estar\u00e1 precedida de una serie de actividades preparatorias a cumplirse en distintos pa\u00edses del Continente.<\/p>\n<p class=\"p1\">La primera de ellas se llevar\u00e1 a cabo en la Universidad de la Rep\u00fablica en<span class=\"Apple-converted-space\">\u00a0 <\/span>Montevideo (Uruguay) el 17 de julio coincidiendo con el 4\u00b0 Seminario de Derecho Cooperativo. Ser\u00e1 inaugurada por la Decana de la Facultad de Derecho y contar\u00e1 con la presencia del Subsecretario de Trabajo y Seguridad Social y el presidente de la Comisi\u00f3n Jur\u00eddica de la Cooperativas de las Am\u00e9ricas.<\/p>\n<p class=\"p1\">En los meses sucesivos, actividades similares se realizar\u00e1n en Buenos Aires (Argentina) con el auspicio de la Comisi\u00f3n de Asuntos Cooperativos y Mutuales de la C\u00e1mara de Diputados;<span class=\"Apple-converted-space\">\u00a0 <\/span>en Porto Alegre (Brasil) en coincidencia con el Seminario de Derecho Cooperativo de la Regi\u00f3n Sur;<span class=\"Apple-converted-space\">\u00a0 <\/span>en Brasilia en ocasi\u00f3n del Seminario Jur\u00eddico Nacional organizado por la OCB;<span class=\"Apple-converted-space\">\u00a0 <\/span>en San Jos\u00e9<span class=\"Apple-converted-space\">\u00a0 <\/span>de Costa Rica con auspicio del Colegio de Abogados, cuya Comisi\u00f3n de Derecho Cooperativo tiene a su cargo la organizaci\u00f3n<span class=\"Apple-converted-space\">\u00a0 <\/span>y en Bogot\u00e1 (Colombia) donde la organizaci\u00f3n de abogados cooperativistas COOLEGAS ejecuta las tareas preparatorias. Jornadas semejantes se encuentran pendientes de confirmaci\u00f3n en otros pa\u00edses.<\/p>\n<p class=\"p1\">Durante el Congreso<span class=\"Apple-converted-space\">\u00a0 <\/span>se halla prevista<span class=\"Apple-converted-space\">\u00a0 <\/span>parte de una sesi\u00f3n plenaria para conocer los resultados de las actividades cumplidas en los distintos pa\u00edses.<\/p>\n<p class=\"p1\">En la p\u00e1gina web de Cooperativas (www.aciamericas.coop) se encuentra disponible toda la informaci\u00f3n relacionada con el<span class=\"Apple-converted-space\">\u00a0 <\/span>Congreso (reglamento, programa,<span class=\"Apple-converted-space\">\u00a0 <\/span>inscripci\u00f3n, presentaci\u00f3n de ponencias, etc.) como as\u00ed tambi\u00e9n datos \u00fatiles acerca de la reserva de hoteles y traslados.<\/p>\n","protected":false},"excerpt":{"rendered":"<p>La realizaci\u00f3n del Congreso Continental de Derecho Cooperativo que tendr\u00e1 lugar en San Jos\u00e9 de Costa Rica en noviembre de 2019 con el apoyo del Colegio de Abogados de ese pa\u00eds estar\u00e1 precedida de una serie de actividades preparatorias a [&hellip;]<\/p>\n","protected":false},"author":1,"featured_media":736,"comment_status":"open","ping_status":"open","sticky":false,"template":"","format":"standard","meta":{"footnotes":""},"categories":[39],"tags":[40,43],"class_list":["post-1156","post","type-post","status-publish","format-standard","has-post-thumbnail","hentry","category-congreso","tag-congreso","tag-costa-rica"],"_links":{"self":[{"href":"https:\/\/www.aciamericas.coop\/xxiconferencia\/wp-json\/wp\/v2\/posts\/1156"}],"collection":[{"href":"https:\/\/www.aciamericas.coop\/xxiconferencia\/wp-json\/wp\/v2\/posts"}],"about":[{"href":"https:\/\/www.aciamericas.coop\/xxiconferencia\/wp-json\/wp\/v2\/types\/post"}],"author":[{"embeddable":true,"href":"https:\/\/www.aciamericas.coop\/xxiconferencia\/wp-json\/wp\/v2\/users\/1"}],"replies":[{"embeddable":true,"href":"https:\/\/www.aciamericas.coop\/xxiconferencia\/wp-json\/wp\/v2\/comments?post=1156"}],"version-history":[{"count":3,"href":"https:\/\/www.aciamericas.coop\/xxiconferencia\/wp-json\/wp\/v2\/posts\/1156\/revisions"}],"predecessor-version":[{"id":1557,"href":"https:\/\/www.aciamericas.coop\/xxiconferencia\/wp-json\/wp\/v2\/posts\/1156\/revisions\/1557"}],"wp:featuredmedia":[{"embeddable":true,"href":"https:\/\/www.aciamericas.coop\/xxiconferencia\/wp-json\/wp\/v2\/media\/736"}],"wp:attachment":[{"href":"https:\/\/www.aciamericas.coop\/xxiconferencia\/wp-json\/wp\/v2\/media?parent=1156"}],"wp:term":[{"taxonomy":"category","embeddable":true,"href":"https:\/\/www.aciamericas.coop\/xxiconferencia\/wp-json\/wp\/v2\/categories?post=1156"},{"taxonomy":"post_tag","embeddable":true,"href":"https:\/\/www.aciamericas.coop\/xxiconferencia\/wp-json\/wp\/v2\/tags?post=1156"}],"curies":[{"name":"wp","href":"https:\/\/api.w.org\/{rel}","templated":true}]}}