{"id":1555,"date":"2019-10-29T18:19:30","date_gmt":"2019-10-29T23:19:30","guid":{"rendered":"https:\/\/www.aciamericas.coop\/xxiconferencia\/?p=1555"},"modified":"2019-10-29T18:23:21","modified_gmt":"2019-10-29T23:23:21","slug":"el-gobierno-de-costa-rica-declara-de-interes-publico-el-congreso-continental-de-derecho-cooperativo","status":"publish","type":"post","link":"https:\/\/www.aciamericas.coop\/xxiconferencia\/el-gobierno-de-costa-rica-declara-de-interes-publico-el-congreso-continental-de-derecho-cooperativo\/","title":{"rendered":"El Gobierno de Costa Rica declara de inter\u00e9s p\u00fablico el Congreso Continental de Derecho Cooperativo"},"content":{"rendered":"\n<p>Mediante decreto N\u00ba 41808 publicado en el diario oficial La Gaceta del 13 de agosto de 2019, el Presidente de la Rep\u00fablica de Costa Rica, Carlos Alvarado Quesada, y el Ministro de Trabajo y Seguridad Social, Steven N\u00fa\u00f1ez Rimola, declaran de inter\u00e9s p\u00fablico el Congreso Continental de Derecho Cooperativo a realizarse en San Jos\u00e9 del 18 al 22 de noviembre.<\/p>\n\n\n\n<p>En los considerandos se destaca la importancia de las cooperativas en Costa Rica y se pone de relieve su reconocimiento constitucional y el marco jur\u00eddico legal que las rige.<\/p>\n\n\n\n<p>Esta declaraci\u00f3n gubernamental se suma al apoyo y activa colaboraci\u00f3n que brinda el Colegio de Abogados de Costa Rica para la realizaci\u00f3n de este importante encuentro con el que se conmemora el cincuentenario del Primer Congreso Continental realizado en M\u00e9rida (Venezuela) en noviembre de 1969.<\/p>\n\n\n\n<p>Por otra parte, las universidades locales han manifestado muy buena disposici\u00f3n para brindar su auspicio acad\u00e9mico para la celebraci\u00f3n de este Congreso en el que se tratar\u00e1n los temas de mayor inter\u00e9s para el Derecho Cooperativo regional.<\/p>\n\n\n\n<p>Se encuentra abierta la inscripci\u00f3n y la recepci\u00f3n de ponencias conforme con el reglamento y los requisitos sobre los que se brinda informaci\u00f3n en la p\u00e1gina aciamericas.coop<\/p>\n\n\n\n<p><\/p>\n\n\n\n<p><\/p>\n\n\n\n<p><\/p>\n\n\n\n<p><\/p>\n","protected":false},"excerpt":{"rendered":"<p>Mediante decreto N\u00ba 41808 publicado en el diario oficial La Gaceta del 13 de agosto de 2019, el Presidente de la Rep\u00fablica de Costa Rica, Carlos Alvarado Quesada, y el Ministro de Trabajo y Seguridad Social, Steven N\u00fa\u00f1ez Rimola, declaran [&hellip;]<\/p>\n","protected":false},"author":1,"featured_media":47,"comment_status":"open","ping_status":"open","sticky":false,"template":"","format":"standard","meta":{"footnotes":""},"categories":[39],"tags":[42,40,43,41,59,58,60],"class_list":["post-1555","post","type-post","status-publish","format-standard","has-post-thumbnail","hentry","category-congreso","tag-colegio-de-abogados","tag-congreso","tag-costa-rica","tag-derecho-cooperativo","tag-ministro-de-trabajo","tag-presidente-de-la-republica","tag-san-jose"],"_links":{"self":[{"href":"https:\/\/www.aciamericas.coop\/xxiconferencia\/wp-json\/wp\/v2\/posts\/1555"}],"collection":[{"href":"https:\/\/www.aciamericas.coop\/xxiconferencia\/wp-json\/wp\/v2\/posts"}],"about":[{"href":"https:\/\/www.aciamericas.coop\/xxiconferencia\/wp-json\/wp\/v2\/types\/post"}],"author":[{"embeddable":true,"href":"https:\/\/www.aciamericas.coop\/xxiconferencia\/wp-json\/wp\/v2\/users\/1"}],"replies":[{"embeddable":true,"href":"https:\/\/www.aciamericas.coop\/xxiconferencia\/wp-json\/wp\/v2\/comments?post=1555"}],"version-history":[{"count":2,"href":"https:\/\/www.aciamericas.coop\/xxiconferencia\/wp-json\/wp\/v2\/posts\/1555\/revisions"}],"predecessor-version":[{"id":1559,"href":"https:\/\/www.aciamericas.coop\/xxiconferencia\/wp-json\/wp\/v2\/posts\/1555\/revisions\/1559"}],"wp:featuredmedia":[{"embeddable":true,"href":"https:\/\/www.aciamericas.coop\/xxiconferencia\/wp-json\/wp\/v2\/media\/47"}],"wp:attachment":[{"href":"https:\/\/www.aciamericas.coop\/xxiconferencia\/wp-json\/wp\/v2\/media?parent=1555"}],"wp:term":[{"taxonomy":"category","embeddable":true,"href":"https:\/\/www.aciamericas.coop\/xxiconferencia\/wp-json\/wp\/v2\/categories?post=1555"},{"taxonomy":"post_tag","embeddable":true,"href":"https:\/\/www.aciamericas.coop\/xxiconferencia\/wp-json\/wp\/v2\/tags?post=1555"}],"curies":[{"name":"wp","href":"https:\/\/api.w.org\/{rel}","templated":true}]}}