{"id":1560,"date":"2019-10-29T18:31:49","date_gmt":"2019-10-29T23:31:49","guid":{"rendered":"https:\/\/www.aciamericas.coop\/xxiconferencia\/?p=1560"},"modified":"2019-10-29T18:31:51","modified_gmt":"2019-10-29T23:31:51","slug":"importantes-conferencistas-en-el-congreso-continental-de-derecho-cooperativo","status":"publish","type":"post","link":"https:\/\/www.aciamericas.coop\/xxiconferencia\/importantes-conferencistas-en-el-congreso-continental-de-derecho-cooperativo\/","title":{"rendered":"Importantes conferencistas en el  Congreso continental de Derecho Cooperativo"},"content":{"rendered":"\n<p>El&nbsp; Congreso Continental de Derecho\nCooperativo que tendr\u00e1 lugar en San Jos\u00e9 de Costa Rica entre el 20 y el 22 de\nnoviembre contar\u00e1 con la participaci\u00f3n de destacados conferencistas del \u00e1mbito\nacad\u00e9mico especializados en la tem\u00e1tica del Derecho Cooperativo.<\/p>\n\n\n\n<p>Hagen Henr\u00ff, presidente del Comit\u00e9 de Derecho Cooperativo de la Alianza\nCooperativa Internacional y profesor de la Universidad de Helsinki, expondr\u00e1\nsus reflexiones sobre el derecho cooperativo.&nbsp;\nEba Gaminde, profesora de la Universidad de Deusto (Espa\u00f1a) y\nvicepresidente de la Asociaci\u00f3n Internacional de Derecho Cooperativo, abordar\u00e1\nel tema del gobierno corporativo y la particular problem\u00e1tica de las cooperativas.\nPor su parte, Carlos Vargas Vasserot, catedr\u00e1tico de Derecho Mercantil de la\nUniversidad de Almer\u00eda se referir\u00e1 a la recepci\u00f3n del acto cooperativo en el\nderecho espa\u00f1ol.<\/p>\n\n\n\n<p>Adem\u00e1s, habr\u00e1 una presentaci\u00f3n del estudio comparativo de la legislaci\u00f3n\ncooperativa en Am\u00e9rica, proyecto conjunto de la Uni\u00f3n Europea y Cooperativas de\nlas Am\u00e9ricas, a cargo de Luisa Fernanda Gallo Herr\u00e1n, directora del proyecto, un\ninforme sobre la iniciativa de apoyo a la renovaci\u00f3n legislativa impulsada por\norganizaciones cooperativas norteamericanas y la presentaci\u00f3n del libro&nbsp; &#8220;Derecho cooperativo e identidad\ncooperativa&#8221;.<\/p>\n\n\n\n<p>Entretanto contin\u00faa la recepci\u00f3n de ponencias sobre los temas incluidos en\nla agenda del Congreso, las cuales ser\u00e1n debatidas durante su transcurso y\npublicadas en el libro de anales. Por solicitud de algunos interesados, <strong>se\nha resuelto ampliar el plazo para su presentaci\u00f3n hasta el 6 de noviembre de\n2019.<\/strong><\/p>\n\n\n\n<p>El apoyo del Colegio de Abogados de Costa Rica y el auspicio acad\u00e9mico de la Universidad de Costa Rica como as\u00ed tambi\u00e9n la declaraci\u00f3n de inter\u00e9s p\u00fablico decretada por el gobierno del pa\u00eds sede contribuyen a asegurar el \u00e9xito del Congreso, el cual cuenta ya con numerosos inscriptos de distintos pa\u00edses del Continente. De igual forma recordamos que del 18 al 20 de Noviembre se desarrollar\u00e1 tambi\u00e9n en la ciudad de San Jos\u00e9 de Costa Rica la XXI Conferencia Regional de Cooperativas de las Am\u00e9ricas, si usted desea asistir, aqu\u00ed encontrar\u00e1 mayor informaci\u00f3n: <a href=\"http:\/\/www.aciamericas.coop\">http:\/\/www.aciamericas.coop<\/a><\/p>\n","protected":false},"excerpt":{"rendered":"<p>El&nbsp; Congreso Continental de Derecho Cooperativo que tendr\u00e1 lugar en San Jos\u00e9 de Costa Rica entre el 20 y el 22 de noviembre contar\u00e1 con la participaci\u00f3n de destacados conferencistas del \u00e1mbito acad\u00e9mico especializados en la tem\u00e1tica del Derecho Cooperativo. [&hellip;]<\/p>\n","protected":false},"author":1,"featured_media":37,"comment_status":"open","ping_status":"open","sticky":false,"template":"","format":"standard","meta":{"footnotes":""},"categories":[39],"tags":[42,43,41,60,61],"class_list":["post-1560","post","type-post","status-publish","format-standard","has-post-thumbnail","hentry","category-congreso","tag-colegio-de-abogados","tag-costa-rica","tag-derecho-cooperativo","tag-san-jose","tag-universidad-de-costa-rica"],"_links":{"self":[{"href":"https:\/\/www.aciamericas.coop\/xxiconferencia\/wp-json\/wp\/v2\/posts\/1560"}],"collection":[{"href":"https:\/\/www.aciamericas.coop\/xxiconferencia\/wp-json\/wp\/v2\/posts"}],"about":[{"href":"https:\/\/www.aciamericas.coop\/xxiconferencia\/wp-json\/wp\/v2\/types\/post"}],"author":[{"embeddable":true,"href":"https:\/\/www.aciamericas.coop\/xxiconferencia\/wp-json\/wp\/v2\/users\/1"}],"replies":[{"embeddable":true,"href":"https:\/\/www.aciamericas.coop\/xxiconferencia\/wp-json\/wp\/v2\/comments?post=1560"}],"version-history":[{"count":1,"href":"https:\/\/www.aciamericas.coop\/xxiconferencia\/wp-json\/wp\/v2\/posts\/1560\/revisions"}],"predecessor-version":[{"id":1562,"href":"https:\/\/www.aciamericas.coop\/xxiconferencia\/wp-json\/wp\/v2\/posts\/1560\/revisions\/1562"}],"wp:featuredmedia":[{"embeddable":true,"href":"https:\/\/www.aciamericas.coop\/xxiconferencia\/wp-json\/wp\/v2\/media\/37"}],"wp:attachment":[{"href":"https:\/\/www.aciamericas.coop\/xxiconferencia\/wp-json\/wp\/v2\/media?parent=1560"}],"wp:term":[{"taxonomy":"category","embeddable":true,"href":"https:\/\/www.aciamericas.coop\/xxiconferencia\/wp-json\/wp\/v2\/categories?post=1560"},{"taxonomy":"post_tag","embeddable":true,"href":"https:\/\/www.aciamericas.coop\/xxiconferencia\/wp-json\/wp\/v2\/tags?post=1560"}],"curies":[{"name":"wp","href":"https:\/\/api.w.org\/{rel}","templated":true}]}}