{"id":1878,"date":"2019-11-23T17:51:05","date_gmt":"2019-11-23T22:51:05","guid":{"rendered":"https:\/\/www.aciamericas.coop\/xxiconferencia\/?p=1878"},"modified":"2019-11-23T17:51:07","modified_gmt":"2019-11-23T22:51:07","slug":"conclusiones-de-la-xxi-conferencia-regional-de-cooperativas-de-las-americas","status":"publish","type":"post","link":"https:\/\/www.aciamericas.coop\/xxiconferencia\/conclusiones-de-la-xxi-conferencia-regional-de-cooperativas-de-las-americas\/","title":{"rendered":"CONCLUSIONES DE LA XXI CONFERENCIA REGIONAL DE COOPERATIVAS DE LAS AM\u00c9RICAS"},"content":{"rendered":"\n<p style=\"text-align:center\"> CAMBIO \u2013 IMPACTO \u2013 SOSTENIBILIDAD.<\/p>\n\n\n\n<p style=\"text-align:center\">COOPERATIVAS, ACTORES ECON\u00d3MICOS CON IMPACTO SOCIAL Y SOSTENIBLE<\/p>\n\n\n\n<p>En la Ciudad de San Jos\u00e9 de Costa Rica, a los 20 d\u00edas del mes de noviembre de 2019, se dan por concluidas las jornadas de trabajo de la XXI Conferencia Regional de Cooperativas de las Am\u00e9ricas \u2013 Cambio \/ Impacto \/ Sostenibilidad \u201cCooperativas, actores econ\u00f3micos con impacto social y sostenible\u201d. Durante estos tres d\u00edas han participado m\u00e1s de 1000 cooperativistas, integrantes de instituciones de promoci\u00f3n y fomento, as\u00ed como de organizaciones de soporte al Movimiento en las Am\u00e9ricas, representando a unos 23 pa\u00edses de la Regi\u00f3n y a 6 pa\u00edses de fuera de la Regi\u00f3n. Las presentes jornadas se han desarrollado en un momento hist\u00f3rico particular, donde varios pa\u00edses de la Regi\u00f3n enfrentan graves crisis institucionales. En consonancia con las definiciones globales de ACI logradas el pasado mes de octubre en Kigali, Ruanda y especialmente con los Objetivos de Desarrollo Sostenible, consagrados en la Agenda 2030 de Naciones Unidas, las Cooperativas de las Am\u00e9ricas suscriben la responsabilidad que compete a nuestras organizaciones en apoyar los procesos de di\u00e1logo y profundizaci\u00f3n democr\u00e1tica, resaltando el papel espec\u00edfico que las cooperativas pueden jugar para construir sociedades menos desiguales, enfrentando uno de los peores flagelos hist\u00f3ricos de nuestro continente. Son varios e importantes los productos alcanzados del trabajo de estos d\u00edas, incluyendo las presentaciones, an\u00e1lisis y recomendaciones de los 15 Laboratorios; los aportes de las Conferencias Magistrales, los Resultados de la 1er Hackathon Cooperativo Regional, as\u00ed como una s\u00edntesis de las reuniones de trabajo sectoriales y tem\u00e1ticas desarrolladas por los Comit\u00e9s y Redes.  Todo este material ser\u00e1 integrado en el Documento con las Memorias de la XXI Conferencia Regional y ser\u00e1 publicado en la p\u00e1gina web de Cooperativas de las Am\u00e9ricas. A continuaci\u00f3n, presentaremos una primera s\u00edntesis con las principales Conclusiones del evento: (a) Incidencia a nivel de Gobiernos Nacionales y Organismos Intergubernamentales; (b) Fortalecimiento de la Organizaci\u00f3n Gremial Cooperativa en el Continente; y (c) Profundizaci\u00f3n de la Cooperaci\u00f3n entre Cooperativas. 1. INCIDENCIA A NIVEL DE GOBIERNOS NACIONALES Y ORGANISMOS INTERGUBERNAMENTALES. Todav\u00eda se reconocen varias deficiencias en los marcos legales para las cooperativas en muchos pa\u00edses de la Regi\u00f3n, y no siempre se ha logrado encontrar los caminos para incidir de forma efectiva a nivel de los Gobiernos. Algo similar ocurre con los organismos intergubernamentales. Las Organizaciones Nacionales y la ACI necesitan fortalecer sus capacidades para hacer esta incidencia y construir las alianzas necesarias para ello. Se plantea la importancia de pasar de pol\u00edticas de Gobierno hacia Pol\u00edticas de Estado, que no est\u00e9n sujetas a la variaci\u00f3n de los cambios pol\u00edticos, sino que se sostengan a partir de un amplio consenso social. Se se\u00f1ala la importancia de avanzar en la coordinaci\u00f3n de las pol\u00edticas p\u00fablicas hacia el sector que permitan la implementaci\u00f3n de programas interinstitucionales. La pol\u00edtica p\u00fablica y la legislaci\u00f3n debe respetar la identidad cooperativa; pero tambi\u00e9n las mismas cooperativas deben respetar su propia identidad y no asemejarse con otras organizaciones que no son de la ESS. Por ejemplo, debe cuidarse el buen gobierno cooperativo y la transparencia. Los interlocutores de Gobierno y organismos intergubernamentales deben comprender la especificidad de la naturaleza cooperativa, y el significado que tiene en t\u00e9rminos de desarrollo sostenible su propia promoci\u00f3n. Es relevante la consulta al Movimiento Cooperativo cuando se vayan a tomar definiciones de pol\u00edticas que directa o indirectamente afecten al sector.  Se se\u00f1ala por otra parte la importancia de la participaci\u00f3n de los gobiernos locales en las estrategias de desarrollo e integraci\u00f3n de las cooperativas. Cooperativas de las Am\u00e9ricas pondr\u00e1 a disposici\u00f3n en pocos meses un estudio comparado de la legislaci\u00f3n cooperativa en los pa\u00edses miembros de la ACI. Tambi\u00e9n se present\u00f3 al Foro Interparlamentario de Econom\u00eda Solidaria de las Am\u00e9ricas un protocolo de funcionamiento para que los legisladores presentes lo firmaran en los pr\u00f3ximos d\u00edas. Se ha reafirmado el compromiso de Cooperativas de las Am\u00e9ricas con el Decenio de la Agricultura Familiar, incentivando las acciones de extensi\u00f3n rural con \u00e9nfasis en las cooperativas. En este sentido se se\u00f1ala apoyar los sistemas de registro de los agricultores y entidades cooperativas de Agricultura Familiar. Tambi\u00e9n el involucrar a las cooperativas como veh\u00edculos para el acceso a la tecnolog\u00eda y la inclusi\u00f3n. Los Estados deben reconocer que la vivienda es un derecho y no una mercanc\u00eda y deben asegurar mecanismos para la promoci\u00f3n y desarrollo de cooperativas en este sector. Las caracter\u00edsticas espec\u00edficas de las cooperativas de trabajo requieren un esfuerzo particular para propiciar legislaciones que efectivamente permitan su desarrollo, siendo claves para profundizar las opciones de trabajo digno. A nivel de ahorro y cr\u00e9dito es necesario acompa\u00f1ar los lineamientos de la ACI para incidir a nivel de las Am\u00e9ricas en las normas internacionales que no distinguen nuestra espec\u00edfica identidad. Es importante avanzar hacia la constituci\u00f3n de sistemas de Cuentas Sat\u00e9lite a nivel de los pa\u00edses de la regi\u00f3n y sistemas de indicadores que reporten el impacto de las cooperativas en relaci\u00f3n con el empleo, la salud, la educaci\u00f3n, la alimentaci\u00f3n, entre otros.  2. FORTALECIMIENTO DE LA ORGANIZACI\u00d3N GREMIAL COOPERATIVA. La realidad continental nos muestra que a\u00fan existe mucho camino por recorrer para lograr una efectiva integraci\u00f3n gremial cooperativa a nivel de varios de nuestros pa\u00edses. Cooperativas de las Am\u00e9ricas se compromete a colaborar en aquellos pa\u00edses donde es necesario organizar o fortalecer gremialmente al Movimiento. La ventaja de trabajar con los ODS es que permite orientar el trabajo del Movimiento Cooperativo Nacional y Regional con una mirada de largo plazo. Se ha planteado la importancia de avanzar en las estrategias de inclusi\u00f3n de la juventud para adaptar las propuestas de valor del Movimiento, colaborando en la construcci\u00f3n de los nuevos escenarios en relaci\u00f3n con el uso creativo de las nuevas tecnolog\u00edas. Se observa que los hombres siguen predominando en los cargos de toma de decisi\u00f3n por lo que sigue siendo prioritario implementar pol\u00edticas de equidad de g\u00e9nero en las organizaciones del Movimiento. Se firm\u00f3 un acta con la adhesi\u00f3n de m\u00e1s de 10 pa\u00edses, dando lugar al Grupo Promotor de la Red de Comunicaci\u00f3n de Cooperativas de las Am\u00e9ricas que facilitar\u00e1 la implementaci\u00f3n de la estrategia de comunicaci\u00f3n regional se\u00f1alando como cada acci\u00f3n impacta a los ODS. Es muy importante volver a enamorar a nuestras comunidades con el papel de las cooperativas como veh\u00edculos para la construcci\u00f3n de bienestar y desarrollo. Se ratific\u00f3 la importancia de profundizar el papel de las organizaciones cooperativas como protagonistas de la cooperaci\u00f3n internacional a trav\u00e9s de la Plataforma de Cooperativas de las Am\u00e9ricas para el Desarrollo, incentivando a las organizaciones presentes a sumarse a esta estrategia regional.  3. PROFUNDIZACI\u00d3N DE LA COOPERACI\u00d3N ENTRE COOPERATIVAS. La confianza y la transparencia son base para la integraci\u00f3n econ\u00f3mica cooperativa. Tambi\u00e9n la identificaci\u00f3n de las necesidades de las personas asociadas y la forma en que estas necesidades se repiten y son m\u00e1s f\u00e1cilmente abordables en forma conjunta. Se propone realizar un mapeo de cooperativas para visualizar las oportunidades de los servicios y productos que las propias cooperativas ofrecen, ya que no hay mejor alternativa para el desarrollo sostenible del sistema que la riqueza generada se mantenga en las propias comunidades y dentro del sector, mediante la creaci\u00f3n de plataformas de transferencia tecnol\u00f3gica y de conocimiento. Las alternativas de intercooperaci\u00f3n deben desarrollarse dentro y entre sectores, as\u00ed como a trav\u00e9s de estrategias de cadenas, redes, clusters, propiciando instrumentos de apoyo como incubadoras, nuevos instrumentos de financiamiento, sistemas de comercializaci\u00f3n y otros. Se propone lograr alianzas con sectores no cooperativos siempre que no afecten nuestra identidad. En particular con otras entidades de la Econom\u00eda Social y Solidaria, generando las metodolog\u00edas necesarias para facilitar este encuentro. Se deber\u00edan estimular alianzas p\u00fablico &#8211; privadas que permitan captar recursos financieros fuera del sector. Se propone la creaci\u00f3n de un banco de buenas pr\u00e1cticas y experiencias, as\u00ed como mecanismos para facilitar la implementaci\u00f3n general del Balance Social Cooperativo entre las cooperativas de la Regi\u00f3n. Se recomienda promover y difundir la Red de Consumo de Cooperativas de las Am\u00e9ricas articulando iniciativas y alianzas intercontinentales. Otros aportes que son transversales a los Ejes incluyen la necesidad de retomar y profundizar la educaci\u00f3n en valores, la capacitaci\u00f3n para el futuro del trabajo, la prospecci\u00f3n y adaptaci\u00f3n de las tecnolog\u00edas en resguardo de los valores y la creaci\u00f3n de comit\u00e9s para la educaci\u00f3n, el dise\u00f1o e implementaci\u00f3n de pr\u00e1cticas ambientalmente amigables. En particular se se\u00f1ala la importancia de que las cooperativas en la Regi\u00f3n incorporen la tem\u00e1tica de la sostenibilidad ambiental como una prioridad en sus agendas, tanto a nivel local, nacional como internacional, y se conviertan en un aliado estrat\u00e9gico para los Gobiernos en la implementaci\u00f3n de las pol\u00edticas en este sentido.  4. CONCLUSI\u00d3N GENERAL Con casi 200 a\u00f1os de existencia, y m\u00e1s de 100 a\u00f1os de vida en las Am\u00e9ricas, las cooperativas han sabido desarrollarse en un continente que arrastra hist\u00f3ricos desaf\u00edos no resueltos. El impacto para el cambio y la construcci\u00f3n de sociedades m\u00e1s sostenibles pasa de manera imprescindible por expandir y profundizar la presencia y actividad cooperativa en todo el continente. Los an\u00e1lisis y especialmente las propuestas desarrolladas durante los pasados d\u00edas de trabajo ser\u00e1n un valioso insumo para terminar de definir las estrategias a mediano plazo, pero tambi\u00e9n las acciones a corto plazo de nuestro Movimiento. La coyuntura de las Am\u00e9ricas nos necesita una vez m\u00e1s actuando juntos, orientados muy especialmente por nuestros valores de Igualdad, Democracia y Solidaridad, comprometi\u00e9ndonos con los Objetivos de Desarrollo Sostenible en cada uno de nuestros pa\u00edses, pero tambi\u00e9n, inspirados por la Responsabilidad Social y por la Preocupaci\u00f3n por los dem\u00e1s, con una mirada de colaboraci\u00f3n con nuestros pueblos hermanos, y en forma general, con toda la Humanidad.  <\/p>\n","protected":false},"excerpt":{"rendered":"<p>CAMBIO \u2013 IMPACTO \u2013 SOSTENIBILIDAD. COOPERATIVAS, ACTORES ECON\u00d3MICOS CON IMPACTO SOCIAL Y SOSTENIBLE En la Ciudad de San Jos\u00e9 de Costa Rica, a los 20 d\u00edas del mes de noviembre de 2019, se dan por concluidas las jornadas de trabajo [&hellip;]<\/p>\n","protected":false},"author":2,"featured_media":1311,"comment_status":"open","ping_status":"open","sticky":false,"template":"","format":"standard","meta":{"footnotes":""},"categories":[63],"tags":[],"class_list":["post-1878","post","type-post","status-publish","format-standard","has-post-thumbnail","hentry","category-conclusiones"],"_links":{"self":[{"href":"https:\/\/www.aciamericas.coop\/xxiconferencia\/wp-json\/wp\/v2\/posts\/1878"}],"collection":[{"href":"https:\/\/www.aciamericas.coop\/xxiconferencia\/wp-json\/wp\/v2\/posts"}],"about":[{"href":"https:\/\/www.aciamericas.coop\/xxiconferencia\/wp-json\/wp\/v2\/types\/post"}],"author":[{"embeddable":true,"href":"https:\/\/www.aciamericas.coop\/xxiconferencia\/wp-json\/wp\/v2\/users\/2"}],"replies":[{"embeddable":true,"href":"https:\/\/www.aciamericas.coop\/xxiconferencia\/wp-json\/wp\/v2\/comments?post=1878"}],"version-history":[{"count":1,"href":"https:\/\/www.aciamericas.coop\/xxiconferencia\/wp-json\/wp\/v2\/posts\/1878\/revisions"}],"predecessor-version":[{"id":1880,"href":"https:\/\/www.aciamericas.coop\/xxiconferencia\/wp-json\/wp\/v2\/posts\/1878\/revisions\/1880"}],"wp:featuredmedia":[{"embeddable":true,"href":"https:\/\/www.aciamericas.coop\/xxiconferencia\/wp-json\/wp\/v2\/media\/1311"}],"wp:attachment":[{"href":"https:\/\/www.aciamericas.coop\/xxiconferencia\/wp-json\/wp\/v2\/media?parent=1878"}],"wp:term":[{"taxonomy":"category","embeddable":true,"href":"https:\/\/www.aciamericas.coop\/xxiconferencia\/wp-json\/wp\/v2\/categories?post=1878"},{"taxonomy":"post_tag","embeddable":true,"href":"https:\/\/www.aciamericas.coop\/xxiconferencia\/wp-json\/wp\/v2\/tags?post=1878"}],"curies":[{"name":"wp","href":"https:\/\/api.w.org\/{rel}","templated":true}]}}