{"id":2287,"date":"2019-11-18T20:24:47","date_gmt":"2019-11-19T01:24:47","guid":{"rendered":"https:\/\/www.aciamericas.coop\/xxiconferencia\/?p=2287"},"modified":"2019-12-04T20:41:49","modified_gmt":"2019-12-05T01:41:49","slug":"el-movimiento-cooperativo-de-las-americas-oficialmente-inauguro-la-xxi-conferencia-regional","status":"publish","type":"post","link":"https:\/\/www.aciamericas.coop\/xxiconferencia\/el-movimiento-cooperativo-de-las-americas-oficialmente-inauguro-la-xxi-conferencia-regional\/","title":{"rendered":"El movimiento cooperativo de las Am\u00e9ricas oficialmente inaugur\u00f3 la XXI Conferencia Regional"},"content":{"rendered":"\n<p><strong>San Jos\u00e9, martes 19 de Noviembre del 2019.<\/strong>&nbsp;Cooperativas de las Am\u00e9ricas recibe en su casa a m\u00e1s de mil cooperativistas, entre autoridades nacionales e internacionales, en una ceremonia inspiradora que invit\u00f3 a vivir con esp\u00edritu el lema de la conferencia \u201cCambio, impacto, sostenibilidad: Las Cooperativas, actores econ\u00f3micos con impacto social y sostenible\u201d. Durante los siguientes 3 d\u00edas, m\u00e1s de mil representantes procedentes de 29 pa\u00edses estar\u00e1n participando en ponencias magistrales, talleres y ponencias de cara a los desaf\u00edos que vive el sector cooperativo. La Conferencia tendr\u00e1 tres ejes tem\u00e1ticos en su estructura, los cuales buscar\u00e1n consolidar los conceptos que den forma al importante papel de las cooperativas para el desarrollo local y regional. Estos ejes son desarrollo econ\u00f3mico y social, las cooperativas y la Agenda 2030 de Naciones Unida y econom\u00eda del conocimiento.<\/p>\n\n\n\n<p>Durante la ceremonia se recalc\u00f3 la importancia de haber recibido al movimiento en un pa\u00eds como Costa Rica, el cual es reconocido a nivel mundial como ejemplo de sostenibilidad, y altos est\u00e1ndares de calidad de vida, siendo el pa\u00eds con mejor posicionamiento en el informe mundial de la felicidad de sus habitantes, publicado por Naciones Unidas.&nbsp;<\/p>\n\n\n\n<p><br>El evento fue presidido por la doctora Graciela Fernandez Quintas, la m\u00e1xima autoridad del cooperativismo del continente y primera mujer en ostentar este cargo. Durante su intervenci\u00f3n mencion\u00f3 \u201cEstamos en un contexto convulsionado en Am\u00e9rica Latina, con signos evidentes de retroceso en el bienestar de nuestros pueblos, una grave crisis democr\u00e1tica continental. Pero tambi\u00e9n albergamos una gran esperanza, porque quienes estamos ac\u00e1 levantamos la mano y aprobamos una Declaraci\u00f3n por la Paz Positiva en Kigali, Rwanda, donde el odio no tiene lugar\u201d.<\/p>\n\n\n\n<p>Tambi\u00e9n le record\u00f3 a los asistentes que las cooperativas est\u00e1n&nbsp; llamadas a jugar un papel activo, a trav\u00e9s del marco \u00e9tico propio del sector e invit\u00f3 a trabajar en la construcci\u00f3n de comunidades, y asumir por el desarrollo sostenible, dentro del marco de valores y principios, como la igualdad, la equidad, la solidaridad y la democracia; motivo de presi\u00f3n permanente, no solo dentro de las organizaciones&nbsp; sino en forma amplia en las sociedades donde&nbsp; Cooperativas de las Am\u00e9ricas est\u00e1 dispuesto a&nbsp; construir.<\/p>\n\n\n\n<p>El doctor Ariel Guarco, Presidente de la Alianza Cooperativa Internacional, destac\u00f3 que \u201cel cooperativismo naci\u00f3 para transformar desigualdades en oportunidades, bajo el modelo cooperativo se han realizado destacables contribuciones al cumplimiento de la Agenda 2030\u201d.&nbsp; Tambi\u00e9n invit\u00f3 a trabajar en alianzas con sindicatos, gobiernos y academia. A su vez el se\u00f1or Fernando Faith Bonilla, representante de Costa Rica en el Consejo de Admnistraci\u00f3n de Cooperativas de las Am\u00e9ricas y Presidente de la Asamblea de Trabajadores y Trabajadoras del Banco Popular agradeci\u00f3 la asistencia de los participantes que llegaron desde otros paises a visitar el Costa Rica.<\/p>\n\n\n\n<p>La organizaci\u00f3n extendi\u00f3 un agradecimiento especial a las representantes y los representantes del Gobierno de Costa Rica que asistieron como el se\u00f1or Carlos Ricardo Benavides, Presidente de la Asamblea Legislativa de Costa Rica y la se\u00f1ora Geannina Dinarte Romero, Ministra de Trabajo y Seguridad Social del Gobierno de la Rep\u00fablica de Costa Rica quien destac\u00f3 la visi\u00f3n del sector como un modelo centrado en las personas, as\u00ed como tambi\u00e9n cuestion\u00f3 si el sector cooperativo estaba listo para enfrentar los desaf\u00edos de la transformaci\u00f3n digital y la precariedad del trabajo.<\/p>\n\n\n\n<p><br>Dentro de los aliados estrat\u00e9gicos, estuvo presente Birgit Bleugels, Jefe de Cooperaci\u00f3n de la Uni\u00f3n Europea para la Rep\u00fablica de Costa Rica, quien anim\u00f3 la incidencia que viene realizando el sector, as\u00ed como los excelentes resultados a nivel global del Partenariado de la Alianza Cooperativa Internacional y la Comisi\u00f3n de la Uni\u00f3n Europea: \u201cLas cooperativas en el desarrollo: empresas centradas en las personas, en acci\u00f3n.\u201d<\/p>\n\n\n\n<p><br>Ponentes inspiradores en el eje de Desarrollo Econ\u00f3mico y Social<\/p>\n\n\n\n<p>En el panel magistral estuvieron presentes diferentes puntos de vistas de expertos internacionales, l\u00edderes cooperativistas, representantes de organismos intergubernamentales e internacionales quienes&nbsp; analizaron las din\u00e1micas del desarrollo y la contribuci\u00f3n de las cooperativas en los procesos globales .&nbsp;<\/p>\n\n\n\n<p>El Profesor Stefano Zamagni de la Universidad de Bologna en Italia y presidente de la Pontificia Academia de Ciencias sociales, Entidad Internacional del Vaticano destac\u00f3 en su intervenci\u00f3n \u201cHoy estamos en la tercera y cuarta revoluci\u00f3n industrial, el tiempo no es ordinario, enfrentamos problemas nuevos que no pueden ser resueltos con pensamientos y el cooperativismo en este periodo es m\u00e1s necesario que en el pasado.\u201d<\/p>\n\n\n\n<p>En su ponencia el se\u00f1or Luis Porto, Consejero Estrat\u00e9gico para el Desarrollo Organizacional y la Gesti\u00f3n por Resultados en la Organizaci\u00f3n Estados Americanos -OEA-, concluy\u00f3 \u201cLas cooperativas son una parte de la sociedad civil necesaria para el entramado de los marginales, excluidos y la alternativa por cambiar el discurso de odio a un discurso de confianza y de cooperaci\u00f3n.\u201d<\/p>\n\n\n\n<p>Consecuente a esto, Doug O\u2019brien, Presidente y CEO de NCBA-CLUSA, Organismo c\u00fapula del cooperativismo de Estados Unidos, quien se desempe\u00f1\u00f3 como Consultor del Presidente de Estados Unidos Barack Obama en tem\u00e1ticas de Desarrollo Rural e Inclusi\u00f3n, destac\u00f3 \u201cestamos a un nivel hist\u00f3rico de consolidaci\u00f3n, en los EE. UU. Los sectores que han logrado una mayor y m\u00e1s r\u00e1pida evoluci\u00f3n es el agr\u00edcola, consumo, finanzas y cr\u00e9dito\u201d.<\/p>\n\n\n\n<p>El se\u00f1or Luis Beduschi, Oficial de Pol\u00edtica de la Oficina Regional de la FAO para Am\u00e9rica Latina y el Caribe, por su parte recalc\u00f3 que Sector cooperativo apunta a los mismos objetivos de la FAO, lo cual nos hace a aliados estrat\u00e9gicos por naturaleza y enumer\u00f3 5 \u00e1reas de pol\u00edticas para erradicar la pobreza rural en conjunto con cooperativas, sectores agr\u00edcolas eficientes, incluyentes y sostenibles, protecci\u00f3n social ampliada, gesti\u00f3n sostenible de los recursos naturales, empleo rural no agr\u00edcola y paquetes integrados de infraestructura.<\/p>\n","protected":false},"excerpt":{"rendered":"<p>San Jos\u00e9, martes 19 de Noviembre del 2019.&nbsp;Cooperativas de las Am\u00e9ricas recibe en su casa a m\u00e1s de mil cooperativistas, entre autoridades nacionales e internacionales, en una ceremonia inspiradora que invit\u00f3 a vivir con esp\u00edritu el lema de la conferencia [&hellip;]<\/p>\n","protected":false},"author":2,"featured_media":1311,"comment_status":"open","ping_status":"open","sticky":false,"template":"","format":"standard","meta":{"footnotes":""},"categories":[63],"tags":[],"class_list":["post-2287","post","type-post","status-publish","format-standard","has-post-thumbnail","hentry","category-conclusiones"],"_links":{"self":[{"href":"https:\/\/www.aciamericas.coop\/xxiconferencia\/wp-json\/wp\/v2\/posts\/2287"}],"collection":[{"href":"https:\/\/www.aciamericas.coop\/xxiconferencia\/wp-json\/wp\/v2\/posts"}],"about":[{"href":"https:\/\/www.aciamericas.coop\/xxiconferencia\/wp-json\/wp\/v2\/types\/post"}],"author":[{"embeddable":true,"href":"https:\/\/www.aciamericas.coop\/xxiconferencia\/wp-json\/wp\/v2\/users\/2"}],"replies":[{"embeddable":true,"href":"https:\/\/www.aciamericas.coop\/xxiconferencia\/wp-json\/wp\/v2\/comments?post=2287"}],"version-history":[{"count":1,"href":"https:\/\/www.aciamericas.coop\/xxiconferencia\/wp-json\/wp\/v2\/posts\/2287\/revisions"}],"predecessor-version":[{"id":2288,"href":"https:\/\/www.aciamericas.coop\/xxiconferencia\/wp-json\/wp\/v2\/posts\/2287\/revisions\/2288"}],"wp:featuredmedia":[{"embeddable":true,"href":"https:\/\/www.aciamericas.coop\/xxiconferencia\/wp-json\/wp\/v2\/media\/1311"}],"wp:attachment":[{"href":"https:\/\/www.aciamericas.coop\/xxiconferencia\/wp-json\/wp\/v2\/media?parent=2287"}],"wp:term":[{"taxonomy":"category","embeddable":true,"href":"https:\/\/www.aciamericas.coop\/xxiconferencia\/wp-json\/wp\/v2\/categories?post=2287"},{"taxonomy":"post_tag","embeddable":true,"href":"https:\/\/www.aciamericas.coop\/xxiconferencia\/wp-json\/wp\/v2\/tags?post=2287"}],"curies":[{"name":"wp","href":"https:\/\/api.w.org\/{rel}","templated":true}]}}