{"id":2451,"date":"2019-12-10T22:56:25","date_gmt":"2019-12-11T03:56:25","guid":{"rendered":"https:\/\/www.aciamericas.coop\/xxiconferencia\/?p=2451"},"modified":"2019-12-17T16:46:12","modified_gmt":"2019-12-17T21:46:12","slug":"jovenes-cooperativistas-del-continente-celebraron-el-encuentro-regional-de-juventud-en-costa-rica-juventud-4-0","status":"publish","type":"post","link":"https:\/\/www.aciamericas.coop\/xxiconferencia\/jovenes-cooperativistas-del-continente-celebraron-el-encuentro-regional-de-juventud-en-costa-rica-juventud-4-0\/","title":{"rendered":"J\u00f3venes Cooperativistas del continente celebraron el Encuentro Regional de Juventud en Costa Rica: JUVENTUD 4.0"},"content":{"rendered":"\n<p>El Comit\u00e9 Regional de Juventud de Cooperativas de las Am\u00e9ricas (CRJ) y la Juventud Cooperativista de las Am\u00e9ricas celebr\u00f3 con \u00e9xito el Encuentro Regional de Juventud de Cooperativas de las Am\u00e9ricas \u201cJuventud 4.0: Emprendimiento, innovaci\u00f3n, comunicaci\u00f3n e incidencia\u201d, este evento fue cofinanciado por el Programa ACI- Uni\u00f3n Europea: COOPS4DEV\ud83c\udf0e.&nbsp;<\/p>\n\n\n\n<p>El evento se realiz\u00f3 el 18 de noviembre en el marco de la XXI Conferencia Regional de Cooperativas de las Am\u00e9ricas en la ciudad de San Jos\u00e9 de Costa Rica, a esta actividad asistieron m\u00e1s de 150 j\u00f3venes representando a m\u00e1s de 7 nacionalidades. Durante el encuentro se presentaron diferentes ponencias que trataron el tema \u201cJuventud 4.0\u201d desde sus diferentes perspectivas logrando as\u00ed visualizar el papel de las nuevas generaciones de cooperativistas frente a la transformaci\u00f3n que implica la Industria 4.0 en lo particular la importancia de la inclusi\u00f3n generacional de cara a los cambios de paradigma tecnol\u00f3gicos, econ\u00f3micos y sociales del mundo.&nbsp;<\/p>\n\n\n\n<figure class=\"wp-block-image\"><img loading=\"lazy\" decoding=\"async\" width=\"1024\" height=\"682\" src=\"https:\/\/www.aciamericas.coop\/xxiconferencia\/wp-content\/uploads\/2019\/12\/FOTO4-2-1024x682.jpg\" alt=\"\" class=\"wp-image-2528\"\/><\/figure>\n\n\n\n<p>Como primera instancia, Isidro Ram\u00edrez de la Red JCOOP de Costa Rica, present\u00f3 una contextualizaci\u00f3n de lo que es la Industria 4.0 para dar paso al primer bloque de expositores donde los miembros de la Junta Directiva del CRJ hablaron por separado de los distintos subtemas del Encuentro: innovaci\u00f3n, emprendimiento, comunicaci\u00f3n e incidencia.<\/p>\n\n\n\n<p>Se plante\u00f3 la necesidad de continuar trabajando en torno al colectivismo y no al individualismo como una caracter\u00edstica que los j\u00f3venes deben&nbsp; seguir desarrollando y aplicando en las organizaciones cooperativas, adem\u00e1s se reafirm\u00f3 que son los j\u00f3venes los portadores del conocimiento para poder llevar a las cooperativas a su actualizaci\u00f3n tecnol\u00f3gica respetando siempre la perspectiva cooperativa \u201ctenemos un gran reto: adaptarnos al nuevo escenario tecnol\u00f3gico y creativo desde el cooperativismo ya que la econom\u00eda digital se est\u00e1 consolidando r\u00e1pidamente permeando en nuestras sociedades, econom\u00edas y estilos de vida\u201d, as\u00ed afirm\u00f3 Angelica Soberanes, Presidenta del Comit\u00e9 Regional de Juventud de Cooperativas de las Am\u00e9rcias (CRJ) .&nbsp;<\/p>\n\n\n\n<p>En comparaci\u00f3n con los encuentros de juventud de los a\u00f1os anteriores este cont\u00f3 con la participaci\u00f3n de un gran n\u00famero de directivos y altos mandos asistiendo para conocer las necesidades de los j\u00f3venes y externando una discusi\u00f3n en torno a debatir c\u00f3mo los j\u00f3venes pueden ser integrados en los puestos de tomas de decisi\u00f3n. En ese sentido, la juventud reconoci\u00f3 que algunas veces los j\u00f3venes tienen la iniciativa y las ideas, pero hace falta aterrizarlas y tener mayor compromiso para la consecuci\u00f3n de las mismas.<\/p>\n\n\n\n<p>En este laboratorio se evidenci\u00f3 la postura de la juventud cooperativista que busca cuestionar si el sector est\u00e1 preparado para esta nueva revoluci\u00f3n 4.0 y cu\u00e1l es el papel de la juventud como gu\u00eda para lograr que las cooperativas no se queden atr\u00e1s.&nbsp;<\/p>\n\n\n\n<p>Al contar con la participaci\u00f3n de representantes de la sociedad civil interesados en conocer acerca del movimiento cooperativo, se evidenci\u00f3 la importancia de trabajar y reforzar el cooperativismo con diferentes actores de la sociedad para crear alianzas estrat\u00e9gicas entre las que se destac\u00f3 al gobierno como una de las m\u00e1s relevantes para poder lograr los cambios que necesitamos en nuestra sociedad, es por eso que como panelista se cont\u00f3 con la participaci\u00f3n de Jos\u00e9 Daniel Campos del Comit\u00e9 Cantonal de la Persona Joven de Escaz\u00fa y Soshill Prado de la Municipalidad de Escaz\u00fa para compartir las oportunidades y los trabajos que se han desarrollado en la regi\u00f3n para los j\u00f3venes de Costa Rica.&nbsp;<\/p>\n\n\n\n<p>Tambi\u00e9n contamos con la presencia de dos de los casos de estudio seleccionados para el estudio regional de Juventud y Cooperativismo impulsado por el proyecto ACI-Uni\u00f3n Europea (COOPS4DEV\ud83c\udf0e) como lo son el de COOPEVICTORIA y CSN Cooperativa Financiera de Costa Rica y M\u00e9xico respectivamente, con el objetivo de que los j\u00f3venes asistentes conocieran casos de \u00e9xito de participaci\u00f3n o inserci\u00f3n de la juventud en las cooperativas.&nbsp;<\/p>\n\n\n\n<p>As\u00ed mismo, para reforzar el tema de incidencia pol\u00edtica, se cont\u00f3 con la experiencia del caso de CONAJOVEN en Honduras donde lograron que el gobierno de su pa\u00eds reconociera a la juventud cooperativa con la Certificaci\u00f3n de Personer\u00eda Jur\u00eddica mediante acuerdo 1096 del Registro Nacional de Cooperativas y con la participac\u00f3n de ONU HABITAT con el tema de la inclusi\u00f3nd e los j\u00f3venes en la construcci\u00f3n de pol\u00edtica p\u00fablica de las ciudades y asentamientos humanos en lationamerica.&nbsp;<\/p>\n\n\n\n<p>Referente a la importancia de la Comunicaci\u00f3n, se reflexion\u00f3 desde el sector cooperativo y desde fuera del sector para analizar qu\u00e9 caracter\u00edsticas hacen falta dentro de las organizaciones cooperativas para que nuestras estrategias internas y externas de comunicaci\u00f3n tengan el impacto y la efectividad que requiere la Industria 4.0, para esto se cont\u00f3 con la intervenci\u00f3n de Helen Badilla (CEO Neurotrader Latinoam\u00e9rica).<\/p>\n\n\n\n<p>Para el modelo cooperativo y para las generaciones del presente, es urgente promover la inclusi\u00f3n generacional y propiciar la apertura de espacios para el enorme potencial de la juventud, esto con el fin de contribuir al crecimiento, modernizaci\u00f3n y desarrollo del sector de cara a las nuevas din\u00e1micas socioecon\u00f3micas.<\/p>\n\n\n\n<hr class=\"wp-block-separator\"\/>\n\n\n\n<figure class=\"wp-block-image\"><img loading=\"lazy\" decoding=\"async\" width=\"1024\" height=\"130\" src=\"https:\/\/www.aciamericas.coop\/xxiconferencia\/wp-content\/uploads\/2019\/12\/disclaimer-1-1024x130.png\" alt=\"\" class=\"wp-image-2554\"\/><\/figure>\n\n\n\n<p><em>La presente\npublicaci\u00f3n ha sido elaborada con la asistencia de la Uni\u00f3n Europea. El\ncontenido de la misma es responsabilidad exclusiva de Cooperativa de las\nAm\u00e9ricas, y en ning\u00fan caso debe considerarse que\nrefleja los puntos de vista de la Uni\u00f3n Europea.<\/em><\/p>\n","protected":false},"excerpt":{"rendered":"<p>El Comit\u00e9 Regional de Juventud de Cooperativas de las Am\u00e9ricas (CRJ) y la Juventud Cooperativista de las Am\u00e9ricas celebr\u00f3 con \u00e9xito el Encuentro Regional de Juventud de Cooperativas de las Am\u00e9ricas \u201cJuventud 4.0: Emprendimiento, innovaci\u00f3n, comunicaci\u00f3n e incidencia\u201d, este evento [&hellip;]<\/p>\n","protected":false},"author":2,"featured_media":2455,"comment_status":"open","ping_status":"open","sticky":false,"template":"","format":"standard","meta":{"footnotes":""},"categories":[63],"tags":[],"class_list":["post-2451","post","type-post","status-publish","format-standard","has-post-thumbnail","hentry","category-conclusiones"],"_links":{"self":[{"href":"https:\/\/www.aciamericas.coop\/xxiconferencia\/wp-json\/wp\/v2\/posts\/2451"}],"collection":[{"href":"https:\/\/www.aciamericas.coop\/xxiconferencia\/wp-json\/wp\/v2\/posts"}],"about":[{"href":"https:\/\/www.aciamericas.coop\/xxiconferencia\/wp-json\/wp\/v2\/types\/post"}],"author":[{"embeddable":true,"href":"https:\/\/www.aciamericas.coop\/xxiconferencia\/wp-json\/wp\/v2\/users\/2"}],"replies":[{"embeddable":true,"href":"https:\/\/www.aciamericas.coop\/xxiconferencia\/wp-json\/wp\/v2\/comments?post=2451"}],"version-history":[{"count":3,"href":"https:\/\/www.aciamericas.coop\/xxiconferencia\/wp-json\/wp\/v2\/posts\/2451\/revisions"}],"predecessor-version":[{"id":2555,"href":"https:\/\/www.aciamericas.coop\/xxiconferencia\/wp-json\/wp\/v2\/posts\/2451\/revisions\/2555"}],"wp:featuredmedia":[{"embeddable":true,"href":"https:\/\/www.aciamericas.coop\/xxiconferencia\/wp-json\/wp\/v2\/media\/2455"}],"wp:attachment":[{"href":"https:\/\/www.aciamericas.coop\/xxiconferencia\/wp-json\/wp\/v2\/media?parent=2451"}],"wp:term":[{"taxonomy":"category","embeddable":true,"href":"https:\/\/www.aciamericas.coop\/xxiconferencia\/wp-json\/wp\/v2\/categories?post=2451"},{"taxonomy":"post_tag","embeddable":true,"href":"https:\/\/www.aciamericas.coop\/xxiconferencia\/wp-json\/wp\/v2\/tags?post=2451"}],"curies":[{"name":"wp","href":"https:\/\/api.w.org\/{rel}","templated":true}]}}