{"id":2456,"date":"2019-12-10T22:59:20","date_gmt":"2019-12-11T03:59:20","guid":{"rendered":"https:\/\/www.aciamericas.coop\/xxiconferencia\/?p=2456"},"modified":"2019-12-17T16:43:59","modified_gmt":"2019-12-17T21:43:59","slug":"el-movimiento-cooperativo-de-las-americas-celebro-el-xiii-encuentro-de-parlamentarios-y-organismos-de-promocion-fomento-regulacion-supervision-y-o-credito-cooperativo","status":"publish","type":"post","link":"https:\/\/www.aciamericas.coop\/xxiconferencia\/el-movimiento-cooperativo-de-las-americas-celebro-el-xiii-encuentro-de-parlamentarios-y-organismos-de-promocion-fomento-regulacion-supervision-y-o-credito-cooperativo\/","title":{"rendered":"El movimiento cooperativo de las Am\u00e9ricas celebr\u00f3 el XIII Encuentro de Parlamentarios y Organismos de Promoci\u00f3n Fomento, Regulaci\u00f3n, Supervisi\u00f3n y\/o Cr\u00e9dito Cooperativo"},"content":{"rendered":"\n<p>En el marco de las actividades paralelas de la XXI Conferencia Regional, se desarroll\u00f3 el Encuentro de Parlamentarios y Organismos de Promoci\u00f3n un espacio que se llev\u00f3 a cabo con el apoyo del Programa \u201cLas cooperativas en el desarrollo\u201d, cofinanciado por la Uni\u00f3n Europea el cual se encuentra en ejecuci\u00f3n por la Alianza Cooperativa Internacional a trav\u00e9s de sus Oficinas Regionales.&nbsp;<\/p>\n\n\n\n<figure class=\"wp-block-image\"><img loading=\"lazy\" decoding=\"async\" width=\"1024\" height=\"768\" src=\"https:\/\/www.aciamericas.coop\/xxiconferencia\/wp-content\/uploads\/2019\/12\/FOTO3-1-1024x768.jpg\" alt=\"\" class=\"wp-image-2459\"\/><\/figure>\n\n\n\n<p>Este fue un espacio dedicado a inspirar el liderazgo del sector cooperativo para el logro de los objetivos del desarrollo sostenible y en un trabajo conjunto con el Instituto Nacional de Fomento Cooperativo INFOCOOP,&nbsp; entidad p\u00fablica encargada del desarrollo del cooperativismo en Costa Rica, convoc\u00f3 a representantes de diferentes sectores de la sociedad civil organizada, principalmente Organizaciones de Promoci\u00f3n, Fomento, Regulaci\u00f3n, Supervisi\u00f3n y\/o Cr\u00e9dito Cooperativo, Parlamentarios de la regi\u00f3n americana y representantes de las cooperativas de la regi\u00f3n americana.<\/p>\n\n\n\n<p>Es una realidad que uno de los desaf\u00edos del sector cooperativo a nivel regional es encontrar&nbsp; los canales de incidencia adecuados a nivel nacional y supranacional para que el impacto del sector sea reconocido por los gobiernos en el \u00e1mbito econ\u00f3mico, social y de desarrollo sostenible, en lo particular que sea reconocida&nbsp; la contribuci\u00f3n del sector cooperativo en el avance de la AGENDA 2030 para la consecuci\u00f3n de los Objetivos de Desarrollo Sostenibles (ODS\u2019s) y as\u00ed el aporte del sector sea incluido en los Informes Nacionales Voluntarios (INV) que realizan los pa\u00edses para reportar ante Naciones Unidas ante&nbsp; los logros y desaf\u00edos en la Agenda 2030.&nbsp;<\/p>\n\n\n\n<figure class=\"wp-block-image\"><img loading=\"lazy\" decoding=\"async\" width=\"1024\" height=\"682\" src=\"https:\/\/www.aciamericas.coop\/xxiconferencia\/wp-content\/uploads\/2019\/12\/FOTO1-1024x682.jpg\" alt=\"\" class=\"wp-image-2460\"\/><\/figure>\n\n\n\n<p>Durante esta actividad la Presidenta de Cooperativas de las Am\u00e9ricas, Graciela Fern\u00e1ndez, destac\u00f3 el trabajo que se viene realizando desde la Oficina Regional de las Am\u00e9ricas: \u201cLa ACI a trav\u00e9s del programa con la Uni\u00f3n Europea est\u00e1 haciendo un mapeo de la legislaci\u00f3n cooperativa en la regi\u00f3n. La legislaci\u00f3n debe tener claro c\u00f3mo se lleva a cabo el control interno, c\u00f3mo se relacionan los actores. La comunicaci\u00f3n es un tema muy relevante en el cual Cooperativas de las Am\u00e9ricas se encuentra trabajando con el fin de intercambiar las buenas pr\u00e1cticas parlamentarias.\u201d&nbsp;<\/p>\n\n\n\n<p>El Director General de la Alianza Cooperativa Internacional, Dr. Bruno Roelants resalt\u00f3 el importante convenio entre la ACI y la OIT y a su vez la relevancia de haber incluido a las cooperativas en la Declaraci\u00f3n para el futuro del trabajo expedida el pasado junio en Ginebra.&nbsp;<\/p>\n\n\n\n<p>Posteriormente Gustavo Bernini, presidente de INACOOP Uruguay quien a su vez es Presidente de la Red, se refiri\u00f3 a los avances y novedades del sector cooperativo en Uruguay destac\u00f3 que \u201cEl trabajo desde la Agenda 2030, y su inclusi\u00f3n a las cooperativas. tienen la ventaja de trascender los per\u00edodos de gobierno de los pa\u00edses y por ello logra posicionar los temas estrat\u00e9gicos en las agendas pol\u00edticas de largo plazo. La ley de cooperativas y el desarrollo de pol\u00edtica p\u00fablica de fomento del cooperativismo ha permitido en Uruguay triplicar el n\u00famero de cooperativas en la \u00faltima d\u00e9cada.\u201d&nbsp;<\/p>\n\n\n\n<p>All\u00ed mismo la Dra. Victoria Hern\u00e1ndez Mora, Ministra de Econom\u00eda, Industria y Comercio de Costa Rica present\u00f3 conclusiones importantes del modelo cooperativo, como ente propulsor del desarrollo econ\u00f3mico y social de su pa\u00eds, \u201cDestaco el mundo cooperativo de Costa Rica que tiene un modelo consolidado en el sector de ahorro y cr\u00e9dito, el cual representan el 11% del sistema financiero, pero las cooperativas agr\u00edcolas y agroindustriales por ende el modelo cooperativo ha conducido a una buena distribuci\u00f3n de las riquezas que evidencia la madurez del sector cooperativo en Costa Rica\u201d afirm\u00f3 en su intervenci\u00f3n.&nbsp;<\/p>\n\n\n\n<p>Del encuentro participaron representantes de los Organismos de Promoci\u00f3n, Fomento, Regulaci\u00f3n, Supervisi\u00f3n y\/o Financiamiento Cooperativo de Argentina, Uruguay, Bolivia, Colombia, Salvador, Paraguay, Uruguay, Ecuador, Per\u00fa y Organismos del nivel subnacional y local de Costa Rica.<\/p>\n\n\n\n<figure class=\"wp-block-image\"><img loading=\"lazy\" decoding=\"async\" width=\"1024\" height=\"768\" src=\"https:\/\/www.aciamericas.coop\/xxiconferencia\/wp-content\/uploads\/2019\/12\/FOTO2-1-1024x768.jpg\" alt=\"\" class=\"wp-image-2461\"\/><\/figure>\n\n\n\n<p>Este escenario fue una ventana para Costa Rica, donde se develaron proyectos legislativos exitosos, as\u00ed como los desaf\u00edos que encuentra el pa\u00eds anfitri\u00f3n, el Sr. Rodolfo Navas, Gerente CENECOOP destac\u00f3 \u201cLa incorporaci\u00f3n de la juventud y adaptaci\u00f3n al cambio, es otro reto es que la legislaci\u00f3n cooperativa no ha sido revisada en forma integral y se necesitan cambios sustantivos. Como ejemplo del n\u00famero de personas m\u00ednimo debe disminuir. Un hito para costa rica es el establecimiento de una norma constitucional desde 1949, que recalca la importancia de la promoci\u00f3n del cooperativismo.\u201d Por su parte el Sr. Gustavo Fern\u00e1ndez -Director Ejecutivo INFOCOOP se refiri\u00f3 \u201cEl cooperativismo es parte del modelo de desarrollo del pa\u00eds. La l\u00f3gica de fondo del INFOCOOP con su esquema de financiamiento es que la poblaci\u00f3n m\u00e1s vulnerable acceda a los recursos de Enfoco y que luego, cuando ya se fortalezcan, sean clientes de los bancos.\u201d<\/p>\n\n\n\n<p>Durante el mencionado encuentro los participantes se pronunciaron sobre los siguientes temas:<\/p>\n\n\n\n<p>1. El futuro del trabajo: el mundo del trabajo est\u00e1 siendo transformado por la innovaci\u00f3n tecnol\u00f3gica, el cambio demogr\u00e1fico, migraciones, bono de g\u00e9nero, cambio clim\u00e1tico y la globalizaci\u00f3n.<\/p>\n\n\n\n<p>2. Creaci\u00f3n de una ley de ense\u00f1anza del cooperativismo en los centros educativos del pa\u00eds. Elementos de un nuevo cooperativismo: establecimiento de comit\u00e9s de innovaci\u00f3n y tecnolog\u00eda.&nbsp;<\/p>\n\n\n\n<p>3. La Alianza Cooperativa Internacional necesita apoyo para articular con los actores pol\u00edticos nacionales e incidir en legislaci\u00f3n, Am\u00e9rica Latina tiene una labor adelantada, pero debe reforzar los m\u00e9todos que permitan analizar los v\u00ednculos con otras organizaciones de la Econom\u00eda Social Solidaria.<\/p>\n\n\n\n<p>All\u00ed estuvo presente el Dr. Marvin Rodr\u00edguez Cordero Vicepresidente de la Rep\u00fablica de Costa Rica, y reafirm\u00f3 su apuesta por la empresa asociativa diciendo \u201cEl cooperativismo tiene la capacidad de llegar a las periferias con servicios que el Estado no lograba llevar a las comunidades en el momento hist\u00f3rico en que nacieron. Es un modelo que ayuda a reducir las brechas sociales en la sociedad. Queremos un crecimiento econ\u00f3mico que reduzca la desigualdad y mejore la calidad de vida de las personas, por eso apostamos a la empresa asociativa.\u201d<\/p>\n\n\n\n<p>En el marco de esta actividad se destac\u00f3 el importante rol del establecimiento de leyes y medidas de supervisi\u00f3n acordes con la naturaleza del sector cooperativo las cuales respeten la autonom\u00eda cooperativa, y posean informaci\u00f3n estad\u00edstica para evidenciar el impacto del modelo empresarial cooperativo en el desarrollo, as\u00ed como su capacidad de resiliencia en tiempos de crisis. &nbsp;<\/p>\n\n\n\n<p>Al finalizar el evento Cooperativas de las Am\u00e9ricas a trav\u00e9s de su Presidenta y en presencia del Presidente de la Alianza Cooperativa Internacional; Ariel Guarco, present\u00f3 a los Parlamentarios presentes el protocolo de acci\u00f3n del Foro Interparlamentario para la Econom\u00eda Solidaria de las Am\u00e9ricas, foro creado durante la V Cumbre Cooperativa de las Am\u00e9ricas en Buenos Aires y cuya primera reuni\u00f3n presencial se desarroll\u00f3 durante el presente encuentro en Costa Rica. El Protocolo de acci\u00f3n fue aprobado por los parlamentarios miembros del foro y presentes en San Jos\u00e9 y este constituye una hoja de ruta para incidir de manera articulada en materia legislativa para la promoci\u00f3n del sector en la regi\u00f3n.&nbsp;<\/p>\n\n\n\n<hr class=\"wp-block-separator\"\/>\n\n\n\n<figure class=\"wp-block-image\"><img loading=\"lazy\" decoding=\"async\" width=\"1024\" height=\"130\" src=\"https:\/\/www.aciamericas.coop\/xxiconferencia\/wp-content\/uploads\/2019\/12\/disclaimer-1024x130.png\" alt=\"\" class=\"wp-image-2552\"\/><\/figure>\n\n\n\n<p><em>La presente\npublicaci\u00f3n ha sido elaborada con la asistencia de la Uni\u00f3n Europea. El\ncontenido de la misma es responsabilidad exclusiva de Cooperativa de las\nAm\u00e9ricas, y en ning\u00fan caso debe considerarse que\nrefleja los puntos de vista de la Uni\u00f3n Europea.<\/em><\/p>\n","protected":false},"excerpt":{"rendered":"<p>En el marco de las actividades paralelas de la XXI Conferencia Regional, se desarroll\u00f3 el Encuentro de Parlamentarios y Organismos de Promoci\u00f3n un espacio que se llev\u00f3 a cabo con el apoyo del Programa \u201cLas cooperativas en el desarrollo\u201d, cofinanciado [&hellip;]<\/p>\n","protected":false},"author":2,"featured_media":2458,"comment_status":"open","ping_status":"open","sticky":false,"template":"","format":"standard","meta":{"footnotes":""},"categories":[63],"tags":[],"class_list":["post-2456","post","type-post","status-publish","format-standard","has-post-thumbnail","hentry","category-conclusiones"],"_links":{"self":[{"href":"https:\/\/www.aciamericas.coop\/xxiconferencia\/wp-json\/wp\/v2\/posts\/2456"}],"collection":[{"href":"https:\/\/www.aciamericas.coop\/xxiconferencia\/wp-json\/wp\/v2\/posts"}],"about":[{"href":"https:\/\/www.aciamericas.coop\/xxiconferencia\/wp-json\/wp\/v2\/types\/post"}],"author":[{"embeddable":true,"href":"https:\/\/www.aciamericas.coop\/xxiconferencia\/wp-json\/wp\/v2\/users\/2"}],"replies":[{"embeddable":true,"href":"https:\/\/www.aciamericas.coop\/xxiconferencia\/wp-json\/wp\/v2\/comments?post=2456"}],"version-history":[{"count":4,"href":"https:\/\/www.aciamericas.coop\/xxiconferencia\/wp-json\/wp\/v2\/posts\/2456\/revisions"}],"predecessor-version":[{"id":2553,"href":"https:\/\/www.aciamericas.coop\/xxiconferencia\/wp-json\/wp\/v2\/posts\/2456\/revisions\/2553"}],"wp:featuredmedia":[{"embeddable":true,"href":"https:\/\/www.aciamericas.coop\/xxiconferencia\/wp-json\/wp\/v2\/media\/2458"}],"wp:attachment":[{"href":"https:\/\/www.aciamericas.coop\/xxiconferencia\/wp-json\/wp\/v2\/media?parent=2456"}],"wp:term":[{"taxonomy":"category","embeddable":true,"href":"https:\/\/www.aciamericas.coop\/xxiconferencia\/wp-json\/wp\/v2\/categories?post=2456"},{"taxonomy":"post_tag","embeddable":true,"href":"https:\/\/www.aciamericas.coop\/xxiconferencia\/wp-json\/wp\/v2\/tags?post=2456"}],"curies":[{"name":"wp","href":"https:\/\/api.w.org\/{rel}","templated":true}]}}