{"id":2464,"date":"2019-12-10T23:07:36","date_gmt":"2019-12-11T04:07:36","guid":{"rendered":"https:\/\/www.aciamericas.coop\/xxiconferencia\/?p=2464"},"modified":"2019-12-17T16:57:09","modified_gmt":"2019-12-17T21:57:09","slug":"nota-de-prensa-reunion-de-la-pcad-19-de-noviembre","status":"publish","type":"post","link":"https:\/\/www.aciamericas.coop\/xxiconferencia\/nota-de-prensa-reunion-de-la-pcad-19-de-noviembre\/","title":{"rendered":"La Plataforma de Cooperativas de las Am\u00e9ricas se re\u00fane en San Jos\u00e9 de Costa Rica"},"content":{"rendered":"\n<p>La Plataforma de Cooperativas de las Am\u00e9ricas para el Desarrollo &#8211; PCAD fue creada en octubre 2018 durante la V Cumbre de Cooperativas de las Am\u00e9ricas en Argentina como instrumento operativo y espacio abierto de trabajo y&nbsp;articulaci\u00f3n entre las organizaciones cooperativas de las&nbsp;Am\u00e9ricas y los principales actores de la cooperaci\u00f3n&nbsp;internacional y el desarrollo sostenible a nivel mundial.&nbsp;Actualmente cuenta con 9 miembros de 7 diferentes pa\u00edses de Am\u00e9rica Latina (Cooperar &#8211; Argentina, Confecoop y Ascoop Colombia, Conacoop e Infocoop &#8211; Costa Rica, Fedecaces &#8211; El Salvador, Confecoop &#8211; Guatemala, Conpacoop &#8211; Paraguay y Cudecoop &#8211; Uruguay) as\u00ed como 2 Invitados Permanentes de Estados Unidos (NCBA-Clusa) y Canad\u00e1 (Cooperativas y Mutuales Canad\u00e1) y 3 Observadores Permanentes de Alemania (DGRV), Espa\u00f1a (Fundaci\u00f3n Escuela Andaluza de Econom\u00eda Social) y Suecia (We effect), esta plataforma se crea en el marco del Programa ACI &#8211; Uni\u00f3n Europea Coops4dev \ud83c\udf0e.<\/p>\n\n\n\n<p>Desde&nbsp;octubre&nbsp;2018 se ha venido trabajando un plan de acci\u00f3n de la PCAD que incluye conectar internamente entre las instituciones presentes, conectar externamente con agencias y otras organizaciones de cooperaci\u00f3n internacional, desarrollar capacidades de los miembros y reportar sobre los avances de la PCAD.&nbsp;<\/p>\n\n\n\n<figure class=\"wp-block-image\"><img loading=\"lazy\" decoding=\"async\" width=\"1024\" height=\"768\" src=\"https:\/\/www.aciamericas.coop\/xxiconferencia\/wp-content\/uploads\/2019\/12\/FOTO2-3-1024x768.jpg\" alt=\"\" class=\"wp-image-2524\"\/><\/figure>\n\n\n\n<p>Durante la XXI Conferencia de Cooperativas de las Am\u00e9ricas, los representantes de las organizaciones que integran la PCAD sesionaron por primera vez con el objetivo de fortalecer&nbsp;la PCAD a trav\u00e9s de la cooperaci\u00f3n&nbsp;entre sus miembros,&nbsp;el intercambio de experiencias&nbsp;en desarrollo cooperativo internacional y la identificaci\u00f3n de oportunidades para las organizaciones cooperativas en este campo.&nbsp;&nbsp;Los miembros declararon el inter\u00e9s y la apertura de intercambiar informaci\u00f3n sobre proyectos de cooperaci\u00f3n internacional afirmando de esta manera los principios cooperativos 5 y 6. Las organizaciones suministrar\u00e1n fichas de proyectos de cooperaci\u00f3n internacional que est\u00e1n implementando o que ya se ejecutaron, lo que llevar\u00e1 a la alimentaci\u00f3n de un banco de proyecto que ser\u00e1 lanzado de forma virtual en febrero 2020 por Cooperativas de las Am\u00e9ricas en una p\u00e1gina dedicada su nuevo sitio web.<\/p>\n\n\n\n<p>Durante la reuni\u00f3n Luisa Fernanda Gallo Herr\u00e1n Directora del Programa ACI-UE coops4dev \ud83c\udf0e en Cooperativas de las Am\u00e9ricas present\u00f3 informe de los avances de la Plataforma durante su primer a\u00f1o de existencia. ,e Entre los logros m\u00e1s relevantes se destacaron varias capacitaciones impartidas o organizados por Cooperativas de las Am\u00e9ricas al Grupo de Oficiales Nacionales de Proyecto (GONP), equipo t\u00e9cnico que integra la PCAD, el desarrollo de varias propuestas a donantes internacionales, de los cuales result\u00f3 receptor de fondos un proyecto de cooperaci\u00f3n internacional en Costa Rica formulado desde la PCAD, adem\u00e1s, se destac\u00f3 la participaci\u00f3n de 4 representantes del Comit\u00e9 Regional de Juventud en el Foro Iberoamericano de J\u00f3venes L\u00edderes de la Econom\u00eda Social organizado por Fundaci\u00f3n Escuela Andaluza de Econom\u00eda Social uno de los Observadores Permanentes de la Plataforma y el impulso de la plataforma para desarrollar diversas acciones de&nbsp; incidencia frente a diferentes organizaciones internacionales, como las delegaciones de la Uni\u00f3n Europea en Argentina, Bolivia, Colombia, Costa Rica, El Salvador, Paraguay, Per\u00fa y Uruguay.<\/p>\n\n\n\n<figure class=\"wp-block-image\"><img loading=\"lazy\" decoding=\"async\" width=\"1024\" height=\"768\" src=\"https:\/\/www.aciamericas.coop\/xxiconferencia\/wp-content\/uploads\/2019\/12\/FOTO3-2-1024x768.jpg\" alt=\"\" class=\"wp-image-2525\"\/><\/figure>\n\n\n\n<p>\u201cLa cooperaci\u00f3n intercooperativa y el fortalecimiento del sector cooperativo latinoamericano es un objetivo de nuestro trabajo en la regi\u00f3n\u201d afirm\u00f3 el Director Regional para Am\u00e9rica Latina y el Caribe, Matthias Arzbach, de la organizaci\u00f3n c\u00fapula cooperativa de Alemania DGRV, cuando present\u00f3 el programa de dicha organizaci\u00f3n en Latinoam\u00e9rica y el Caribe. Adem\u00e1s presentaron su trabajo y proyectos en desarrollo cooperativo internacional en la regi\u00f3n los invitados y observadores permanentes de la Plataforma: NCBA-Clusa de Estados Unidos de Am\u00e9rica, Cooperativas y Mutuales (CMC) de Canad\u00e1, Fundaci\u00f3n Escuela Andaluza de Econom\u00eda Social de Espa\u00f1a&nbsp; y We effect&nbsp; de Suecia. \u201cConocer el trabajo de estas organizaciones cooperativas en la regi\u00f3n es el punto de partida de identificar temas de inter\u00e9s com\u00fan y emprender proyectos intercooperativos\u201d dijo Jonathan Brenes Oficial Nacional de Proyectos para del CONACOOP, Costa Ricaen la Plataforma.&nbsp;<\/p>\n\n\n\n<p>Otro elemento importante de la cooperaci\u00f3n internacional y en la que se quiere enfocar la PCAD es la cooperaci\u00f3n sur- sur,&nbsp; para desarrollar este tema Jo\u00e3o Marcos Silva del Sistema OCB en Brasil organizaci\u00f3n c\u00fapula de las cooperativas Brasile\u00f1as, present\u00f3 el trabajo que realiza esta organizaci\u00f3n en el desarrollo cooperativo en particular en pa\u00edses del \u00c1frica.&nbsp;<\/p>\n\n\n\n<p>La primera reuni\u00f3n de la Plataforma de Cooperativas de las Am\u00e9ricas para el Desarrollo -PCAD- culmin\u00f3 con la firma de un adendo al acta de constituci\u00f3n de la Plataforma expuesto por la Presidenta de Cooperativas de las Am\u00e9ricas Graciela Fernandez el cu\u00e1l&nbsp; reafirma el compromiso de los miembros de la Plataforma en cuanto a posicionar el modelo cooperativo en la Agenda 2030 de Naciones Unidas y seguir impulsando&nbsp; el desarrollo cooperativo internacional a trav\u00e9s de sinergias, proyectos de cooperaci\u00f3n y acciones de incidencia conjunta en las organizaciones internacionales.&nbsp;<\/p>\n\n\n\n<hr class=\"wp-block-separator\"\/>\n\n\n\n<figure class=\"wp-block-image\"><img loading=\"lazy\" decoding=\"async\" width=\"1024\" height=\"130\" src=\"https:\/\/www.aciamericas.coop\/xxiconferencia\/wp-content\/uploads\/2019\/12\/disclaimer-3-1024x130.png\" alt=\"\" class=\"wp-image-2558\"\/><\/figure>\n\n\n\n<p><em>La presente\npublicaci\u00f3n ha sido elaborada con la asistencia de la Uni\u00f3n Europea. El\ncontenido de la misma es responsabilidad exclusiva de Cooperativa de las\nAm\u00e9ricas, y en ning\u00fan caso debe considerarse que\nrefleja los puntos de vista de la Uni\u00f3n Europea.<\/em><\/p>\n","protected":false},"excerpt":{"rendered":"<p>La Plataforma de Cooperativas de las Am\u00e9ricas para el Desarrollo &#8211; PCAD fue creada en octubre 2018 durante la V Cumbre de Cooperativas de las Am\u00e9ricas en Argentina como instrumento operativo y espacio abierto de trabajo y&nbsp;articulaci\u00f3n entre las organizaciones [&hellip;]<\/p>\n","protected":false},"author":2,"featured_media":2520,"comment_status":"open","ping_status":"open","sticky":false,"template":"","format":"standard","meta":{"footnotes":""},"categories":[63],"tags":[],"class_list":["post-2464","post","type-post","status-publish","format-standard","has-post-thumbnail","hentry","category-conclusiones"],"_links":{"self":[{"href":"https:\/\/www.aciamericas.coop\/xxiconferencia\/wp-json\/wp\/v2\/posts\/2464"}],"collection":[{"href":"https:\/\/www.aciamericas.coop\/xxiconferencia\/wp-json\/wp\/v2\/posts"}],"about":[{"href":"https:\/\/www.aciamericas.coop\/xxiconferencia\/wp-json\/wp\/v2\/types\/post"}],"author":[{"embeddable":true,"href":"https:\/\/www.aciamericas.coop\/xxiconferencia\/wp-json\/wp\/v2\/users\/2"}],"replies":[{"embeddable":true,"href":"https:\/\/www.aciamericas.coop\/xxiconferencia\/wp-json\/wp\/v2\/comments?post=2464"}],"version-history":[{"count":5,"href":"https:\/\/www.aciamericas.coop\/xxiconferencia\/wp-json\/wp\/v2\/posts\/2464\/revisions"}],"predecessor-version":[{"id":2559,"href":"https:\/\/www.aciamericas.coop\/xxiconferencia\/wp-json\/wp\/v2\/posts\/2464\/revisions\/2559"}],"wp:featuredmedia":[{"embeddable":true,"href":"https:\/\/www.aciamericas.coop\/xxiconferencia\/wp-json\/wp\/v2\/media\/2520"}],"wp:attachment":[{"href":"https:\/\/www.aciamericas.coop\/xxiconferencia\/wp-json\/wp\/v2\/media?parent=2464"}],"wp:term":[{"taxonomy":"category","embeddable":true,"href":"https:\/\/www.aciamericas.coop\/xxiconferencia\/wp-json\/wp\/v2\/categories?post=2464"},{"taxonomy":"post_tag","embeddable":true,"href":"https:\/\/www.aciamericas.coop\/xxiconferencia\/wp-json\/wp\/v2\/tags?post=2464"}],"curies":[{"name":"wp","href":"https:\/\/api.w.org\/{rel}","templated":true}]}}