{"id":2466,"date":"2019-12-10T23:33:10","date_gmt":"2019-12-11T04:33:10","guid":{"rendered":"https:\/\/www.aciamericas.coop\/xxiconferencia\/?p=2466"},"modified":"2019-12-17T16:55:54","modified_gmt":"2019-12-17T21:55:54","slug":"se-firmo-acuerdo-de-intencion-para-la-formacion-de-la-red-de-comunicacion-de-cooperativas-de-las-americas","status":"publish","type":"post","link":"https:\/\/www.aciamericas.coop\/xxiconferencia\/se-firmo-acuerdo-de-intencion-para-la-formacion-de-la-red-de-comunicacion-de-cooperativas-de-las-americas\/","title":{"rendered":"Se firm\u00f3 Acuerdo de intenci\u00f3n para la formaci\u00f3n de la Red de Comunicaci\u00f3n de Cooperativas de las Am\u00e9ricas"},"content":{"rendered":"\n<p><strong>Las cooperativas se preparan para comunicar bajo l\u00edneas de los Objetivos de Desarrollo Sostenible de Naciones Unidas&nbsp;<\/strong><\/p>\n\n\n\n<p>En el marco de la XXI Conferencia Regional de Cooperativas de las Am\u00e9ricas, se llev\u00f3 a cabo el laboratorio de \u201cComunicaci\u00f3n por los Objetivos de Desarrollo Sostenible\u201d un espacio que congreg\u00f3&nbsp; cerca de cien asistentes y fue respaldado por el Programa \u201cLas cooperativas en el desarrollo\u201d, del Partenariado cofinanciado por la Uni\u00f3n Europea y la Alianza Cooperativa Internacional a trav\u00e9s de la Oficina Regional de Cooperativas de las Am\u00e9ricas COOPS4DEV \ud83c\udf0e<\/p>\n\n\n\n<figure class=\"wp-block-image\"><img loading=\"lazy\" decoding=\"async\" width=\"1024\" height=\"682\" src=\"https:\/\/www.aciamericas.coop\/xxiconferencia\/wp-content\/uploads\/2019\/12\/Foto-1-1-1024x682.jpg\" alt=\"\" class=\"wp-image-2516\"\/><\/figure>\n\n\n\n<p>Dicha actividad se realiz\u00f3 con el fin de fortalecer las capacidades de los l\u00edderes, profesionales y personas dedicadas al quehacer del oficio de las comunicaciones mediante la apertura de escenarios para la intercooperaci\u00f3n. Se presentaron iniciativas, estrategias y metodolog\u00edas innovadoras que ayudan a las cooperativas a reflejar su impacto en m\u00e9tricas claras y comunicarlas eficazmente bajo un storytelling innovador para posicionar el modelo ante la opini\u00f3n p\u00fablica. &nbsp;<\/p>\n\n\n\n<p>Uno de los mayores desaf\u00edos que enfrenta el movimiento cooperativo a nivel mundial es su poca presencia en la agenda informativa de los medios tradicionales de comunicaci\u00f3n. A pesar de que recientemente existe un mayor inter\u00e9s, gracias al mejor desempe\u00f1o de las cooperativas en comparaci\u00f3n a otro tipo de empresas, todav\u00eda existen dificultades para captar la atenci\u00f3n de los medios masivos. Del mismo modo, tambi\u00e9n existen coyunturas a nivel regional que impiden que haya un nivel de comunicaci\u00f3n coordinado.&nbsp;<\/p>\n\n\n\n<p>En el laboratorio se analizaron diferentes casos de c\u00f3mo comunica el&nbsp; sector cooperativo y c\u00f3mo esta comunicaci\u00f3n puede ser m\u00e1s efectiva y con mayor impacto de cara a las din\u00e1micas internacionales. Se tuvo una fase de sensibilizaci\u00f3n con la Agenda 2030 as\u00ed como diferentes ejemplos de como algunas cooperativas realizan esfuerzos para informar sobre sostenibilidad y el impacto del modelo en el desarrollo sostenible.&nbsp;<\/p>\n\n\n\n<figure class=\"wp-block-image\"><img loading=\"lazy\" decoding=\"async\" width=\"1024\" height=\"682\" src=\"https:\/\/www.aciamericas.coop\/xxiconferencia\/wp-content\/uploads\/2019\/12\/Foto-4-1-1024x682.jpg\" alt=\"\" class=\"wp-image-2517\"\/><\/figure>\n\n\n\n<p>Estuvo a cargo la fase de sensibilizaci\u00f3n la expositora Lorena Barrantes, directora de Legatos Mundi, organizaci\u00f3n que busca fomentar y promover en los costarricenses valores fundamentales de respeto, solidaridad, equidad y competitividad desde los Objetivos del Desarrollo Sostenible, en su intervenci\u00f3n destac\u00f3 \u201cLa desigualdad es un resultado claro de que nosotros a trav\u00e9s del tiempo venimos haciendo algo mal. Nos ense\u00f1an a competir, no hay una persona en el mundo que no tenga su cuota de responsabilidad. A pesar de estar en situaciones comprometidas, no existe un camino que no utilice los recursos de las pr\u00f3ximas generaciones, que sea justo con los dem\u00e1s. Las cooperativas tenemos que aprovechar el momento que nos presenta la Agenda 2030. Las cooperativas aportan a los ODS naturalmente, pero es necesario que adem\u00e1s se comuniquen.\u201d<\/p>\n\n\n\n<p>Realizar esfuerzos para la intercooperaci\u00f3n es un desaf\u00edo pero hacer cooperaci\u00f3n entre medios cooperativos sonaba imposible, sin embargo, no lo fue para el proyecto La Coope, Tracy Correa Flores,&nbsp; Productora del Programa la Coope y periodista de INFOCOOP, Instituto Nacional de Fomento Cooperativo, entidad p\u00fablica encargada del desarrollo del cooperativismo en Costa Rica, destac\u00f3 \u201cEl programa surge a como una estrategia proactiva frente a la relativa indiferencia de los medios masivos hacia el Sector cooperativo. Se aliaron &nbsp; tres cooperativas que contaban con medios propios de comunicaci\u00f3n COOPEALFARORUIZ, COOPELESCA y COOPESANTOS, con el objetivo de divulgar el impacto del cooperativismo costarricense.\u201d&nbsp; <a href=\"https:\/\/www.youtube.com\/watch?v=fNyXXxD7UAY&amp;list=PLeeMKCUl6Z7LjsikUOcN4if6FHm5EkWs3\">Visite aqu\u00ed su canal en youtube. <\/a>&nbsp;<\/p>\n\n\n\n<p>Otro de los casos presentados fue Constructores de sue\u00f1os de Costa Rica , la primera agencia de comunicaci\u00f3n alineada con los ODS, una agencia de publicidad especializada en compa\u00f1\u00edas de la econom\u00eda social; Hugo Figueroa Madriz present\u00f3 el proyecto \u201cManos de mi pa\u00eds\u201d el cual ha permitido generar empleos de calidad, educaci\u00f3n inclusiva , oportunidades de aprendizaje, sociedades pac\u00edficas, una gesti\u00f3n ecol\u00f3gicamente racional de los productos,&nbsp; y t\u00e9cnicas para&nbsp; reducir los futuros costos econ\u00f3micos, ambientales y sociales.&nbsp;<\/p>\n\n\n\n<p>La jornada finaliz\u00f3 con una activa participaci\u00f3n de los asistentes, all\u00ed surgi\u00f3 una emotiva discusi\u00f3n sobre la responsabilidad de comunicar eficazmente los aportes de las cooperativas a la agenda 2030, consecuente a esto Liseth Guzm\u00e1n Directora de comunicaciones de Infocoop junto con Natalia Gonzalez oficial de comunicaci\u00f3n de Cooperativas de las Am\u00e9ricas&nbsp; lideraron la presentaci\u00f3n del Proyecto de la Red de Comunicaci\u00f3n de Cooperativas de las Am\u00e9ricas, la cual busca \u201cPropiciar la relaci\u00f3n entre la Red con las redes y\/o comit\u00e9s de comunicadores de la regi\u00f3n, asesorar a cooperativas de las Am\u00e9ricas a nivel editorial, frente a temas y problemas propios del sector cooperativo o del contexto mundial, promover la marca coop como el mayor emblema de identidad cooperativas en las Am\u00e9ricas y Consolidar el departamento&nbsp; de comunicaci\u00f3n de Cooperativas de las Am\u00e9ricas\u201d.&nbsp;<\/p>\n\n\n\n<p>Al final seis entidades&nbsp; miembros de Cooperativas de las Am\u00e9ricas firmaron el \u201c Acuerdo de intenci\u00f3n para la formaci\u00f3n del equipo promotor de la Red de Comunicaci\u00f3n de Cooperativas de las Am\u00e9ricas\u201d .(INFOCOOP,CENECOOP Y CONACOOP&nbsp; de Costa Rica , FEDECACES de El Salvador , ASCOOP de Colombia, y CONPACOOP de Paraguay). Expresaron tambi\u00e9n su voluntad y est\u00e1n pendiente de firma (NCBA CLUSA de Estados Unidos , CONFECOOP y COOMEVA de Colombia, CONFECOOP de Guatemala y CUDECOOP del Uruguay), en el mismo acto doce representantes de diferentes cooperativas respaldaron el acuerdo, y tambi\u00e9n buscan trabajar en conjunto por la formaci\u00f3n del equipo promotor de la red, lo cual representa una muy buena se\u00f1al para la construcci\u00f3n de una gran estrategia de comunicaci\u00f3n conjunta y rica en diversidad que le de voz propia al sector cooperativo de las Am\u00e9ricas de cara a posicionarlo en la opini\u00f3n p\u00fablica<\/p>\n\n\n\n<hr class=\"wp-block-separator\"\/>\n\n\n\n<figure class=\"wp-block-image\"><img loading=\"lazy\" decoding=\"async\" width=\"1024\" height=\"130\" src=\"https:\/\/www.aciamericas.coop\/xxiconferencia\/wp-content\/uploads\/2019\/12\/disclaimer-2-1024x130.png\" alt=\"\" class=\"wp-image-2556\"\/><\/figure>\n\n\n\n<p><em>La presente\npublicaci\u00f3n ha sido elaborada con la asistencia de la Uni\u00f3n Europea. El\ncontenido de la misma es responsabilidad exclusiva de Cooperativa de las\nAm\u00e9ricas, y en ning\u00fan caso debe considerarse que\nrefleja los puntos de vista de la Uni\u00f3n Europea.<\/em><\/p>\n","protected":false},"excerpt":{"rendered":"<p>Las cooperativas se preparan para comunicar bajo l\u00edneas de los Objetivos de Desarrollo Sostenible de Naciones Unidas&nbsp; En el marco de la XXI Conferencia Regional de Cooperativas de las Am\u00e9ricas, se llev\u00f3 a cabo el laboratorio de \u201cComunicaci\u00f3n por los [&hellip;]<\/p>\n","protected":false},"author":2,"featured_media":2469,"comment_status":"open","ping_status":"open","sticky":false,"template":"","format":"standard","meta":{"footnotes":""},"categories":[63],"tags":[],"class_list":["post-2466","post","type-post","status-publish","format-standard","has-post-thumbnail","hentry","category-conclusiones"],"_links":{"self":[{"href":"https:\/\/www.aciamericas.coop\/xxiconferencia\/wp-json\/wp\/v2\/posts\/2466"}],"collection":[{"href":"https:\/\/www.aciamericas.coop\/xxiconferencia\/wp-json\/wp\/v2\/posts"}],"about":[{"href":"https:\/\/www.aciamericas.coop\/xxiconferencia\/wp-json\/wp\/v2\/types\/post"}],"author":[{"embeddable":true,"href":"https:\/\/www.aciamericas.coop\/xxiconferencia\/wp-json\/wp\/v2\/users\/2"}],"replies":[{"embeddable":true,"href":"https:\/\/www.aciamericas.coop\/xxiconferencia\/wp-json\/wp\/v2\/comments?post=2466"}],"version-history":[{"count":3,"href":"https:\/\/www.aciamericas.coop\/xxiconferencia\/wp-json\/wp\/v2\/posts\/2466\/revisions"}],"predecessor-version":[{"id":2557,"href":"https:\/\/www.aciamericas.coop\/xxiconferencia\/wp-json\/wp\/v2\/posts\/2466\/revisions\/2557"}],"wp:featuredmedia":[{"embeddable":true,"href":"https:\/\/www.aciamericas.coop\/xxiconferencia\/wp-json\/wp\/v2\/media\/2469"}],"wp:attachment":[{"href":"https:\/\/www.aciamericas.coop\/xxiconferencia\/wp-json\/wp\/v2\/media?parent=2466"}],"wp:term":[{"taxonomy":"category","embeddable":true,"href":"https:\/\/www.aciamericas.coop\/xxiconferencia\/wp-json\/wp\/v2\/categories?post=2466"},{"taxonomy":"post_tag","embeddable":true,"href":"https:\/\/www.aciamericas.coop\/xxiconferencia\/wp-json\/wp\/v2\/tags?post=2466"}],"curies":[{"name":"wp","href":"https:\/\/api.w.org\/{rel}","templated":true}]}}