{"id":2471,"date":"2019-12-10T23:35:57","date_gmt":"2019-12-11T04:35:57","guid":{"rendered":"https:\/\/www.aciamericas.coop\/xxiconferencia\/?p=2471"},"modified":"2019-12-12T11:55:46","modified_gmt":"2019-12-12T16:55:46","slug":"con-exito-se-realizo-el-congreso-continental-de-derecho-cooperativo","status":"publish","type":"post","link":"https:\/\/www.aciamericas.coop\/xxiconferencia\/con-exito-se-realizo-el-congreso-continental-de-derecho-cooperativo\/","title":{"rendered":"Con \u00e9xito se realiz\u00f3 el congreso continental de derecho cooperativo en San Jos\u00e9 De Costa Rica"},"content":{"rendered":"\n<p>Con la participaci\u00f3n de m\u00e1s de 200 delegados de 18 pa\u00edses tuvo lugar la s\u00e9ptima edici\u00f3n del Congreso Continental de Derecho Cooperativo en San Jos\u00e9 de Costa Rica entre el 20 y el 22 de noviembre.<\/p>\n\n\n\n<p>En la sesi\u00f3n inaugural el presidente de la Suprema Corte de Costa Rica destac\u00f3 la norma de la Constituci\u00f3n de la Rep\u00fablica que ordena el&nbsp; fomento de las cooperativas y se\u00f1al\u00f3 c\u00f3mo la jurisprudencia constitucional desarroll\u00f3 ese precepto. Por su parte, el presidente del Colegio de Abogados y el representante de la Facultad de Derecho de la Universidad de Costa Rica coincidieron en destacar la importancia del&nbsp; Derecho Cooperativo en la formaci\u00f3n de los abogados y en su ejercicio profesional, especialmente en un pa\u00eds con significativo desarrollo cooperativo.<\/p>\n\n\n\n<p>A su vez, la presidente de Cooperativas de las Am\u00e9ricas subray\u00f3 que en esta oportunidad se conmemoraba el cincuentenario del primer Congreso Continental realizado en M\u00e9rida, Venezuela, en 1969 y que se trataba de una experiencia \u00fanica a nivel mundial.<\/p>\n\n\n\n<p>El Congreso se desarroll\u00f3 mediante&nbsp; trabajo de comisiones que abordaron el estudio y debate de las ponencias presentadas acerca de los distintos temas: acto cooperativo; derecho cooperativo comparado; supervisi\u00f3n estatal; gobierno cooperativo y tributaci\u00f3n de las cooperativas.<\/p>\n\n\n\n<figure class=\"wp-block-image\"><img loading=\"lazy\" decoding=\"async\" width=\"1024\" height=\"768\" src=\"https:\/\/www.aciamericas.coop\/xxiconferencia\/wp-content\/uploads\/2019\/12\/FOTO2-2-1024x768.jpg\" alt=\"\" class=\"wp-image-2513\"\/><\/figure>\n\n\n\n<p>Adicionalmente, en sesiones plenarias se realizaron conferencias a cargo de&nbsp; destacados especialistas europeos y americanos referidas a los problemas actuales del Derecho Cooperativo.<\/p>\n\n\n\n<p>En el acto de clausura uno de los asistentes al Congreso de M\u00e9rida realiz\u00f3 una sentida evocaci\u00f3n de esas jornadas y de algunos de los calificados expertos que participaron de ellas y sentaron las bases del futuro desarrollo del Derecho Cooperativo. Por \u00faltimo, el presidente del Congreso agradeci\u00f3 a los asistentes y&nbsp; destac\u00f3 el nivel de las deliberaciones.<\/p>\n","protected":false},"excerpt":{"rendered":"<p>Con la participaci\u00f3n de m\u00e1s de 200 delegados de 18 pa\u00edses tuvo lugar la s\u00e9ptima edici\u00f3n del Congreso Continental de Derecho Cooperativo en San Jos\u00e9 de Costa Rica entre el 20 y el 22 de noviembre. En la sesi\u00f3n inaugural [&hellip;]<\/p>\n","protected":false},"author":2,"featured_media":2472,"comment_status":"open","ping_status":"open","sticky":false,"template":"","format":"standard","meta":{"footnotes":""},"categories":[63],"tags":[],"class_list":["post-2471","post","type-post","status-publish","format-standard","has-post-thumbnail","hentry","category-conclusiones"],"_links":{"self":[{"href":"https:\/\/www.aciamericas.coop\/xxiconferencia\/wp-json\/wp\/v2\/posts\/2471"}],"collection":[{"href":"https:\/\/www.aciamericas.coop\/xxiconferencia\/wp-json\/wp\/v2\/posts"}],"about":[{"href":"https:\/\/www.aciamericas.coop\/xxiconferencia\/wp-json\/wp\/v2\/types\/post"}],"author":[{"embeddable":true,"href":"https:\/\/www.aciamericas.coop\/xxiconferencia\/wp-json\/wp\/v2\/users\/2"}],"replies":[{"embeddable":true,"href":"https:\/\/www.aciamericas.coop\/xxiconferencia\/wp-json\/wp\/v2\/comments?post=2471"}],"version-history":[{"count":5,"href":"https:\/\/www.aciamericas.coop\/xxiconferencia\/wp-json\/wp\/v2\/posts\/2471\/revisions"}],"predecessor-version":[{"id":2527,"href":"https:\/\/www.aciamericas.coop\/xxiconferencia\/wp-json\/wp\/v2\/posts\/2471\/revisions\/2527"}],"wp:featuredmedia":[{"embeddable":true,"href":"https:\/\/www.aciamericas.coop\/xxiconferencia\/wp-json\/wp\/v2\/media\/2472"}],"wp:attachment":[{"href":"https:\/\/www.aciamericas.coop\/xxiconferencia\/wp-json\/wp\/v2\/media?parent=2471"}],"wp:term":[{"taxonomy":"category","embeddable":true,"href":"https:\/\/www.aciamericas.coop\/xxiconferencia\/wp-json\/wp\/v2\/categories?post=2471"},{"taxonomy":"post_tag","embeddable":true,"href":"https:\/\/www.aciamericas.coop\/xxiconferencia\/wp-json\/wp\/v2\/tags?post=2471"}],"curies":[{"name":"wp","href":"https:\/\/api.w.org\/{rel}","templated":true}]}}