{"id":2541,"date":"2019-12-17T16:11:42","date_gmt":"2019-12-17T21:11:42","guid":{"rendered":"https:\/\/www.aciamericas.coop\/xxiconferencia\/?p=2541"},"modified":"2019-12-17T16:29:02","modified_gmt":"2019-12-17T21:29:02","slug":"la-xxi-conferencia-regional-de-cooperativas-de-las-americas-le-cumplio-al-cooperativismo","status":"publish","type":"post","link":"https:\/\/www.aciamericas.coop\/xxiconferencia\/la-xxi-conferencia-regional-de-cooperativas-de-las-americas-le-cumplio-al-cooperativismo\/","title":{"rendered":"La XXI Conferencia Regional de Cooperativas de las Am\u00e9ricas le cumpli\u00f3 al cooperativismo"},"content":{"rendered":"\n<p><strong>La XXI\nConferencia Regional de Cooperativas de las Am\u00e9ricas le cumpli\u00f3 al\ncooperativismo<\/strong><strong><\/strong><\/p>\n\n\n\n<p><em>Tal y como lo solicit\u00f3 el costarricense Fernando Faith\nBonilla, &nbsp;la XXI Conferencia Regional\nCooperativas de las Am\u00e9ricas, cumpli\u00f3 tras sus tres d\u00edas de reuniones en el\nhotel Intercontinental con el cooperativismo del continente.<\/em><\/p>\n\n\n\n<p><em>\u201cCosta Rica le cumpli\u00f3 al cooperativismo, le\nagradecemos a todas las instituciones que hicieron posible vivir el capitulo de\nCosta Rica, los invito a llevarnos la alegr\u00eda de ser cooperativistas, el sector\ncooperativo es un sector importante y diverso pero las y los trabajadores todos\nlos d\u00edas nos despertamos sinti\u00e9ndonos dignos de representar a nuestras\norganizaciones\u201d as\u00ed lo dijo&nbsp; Fernando\nFaith Bonilla, representante de Costa Rica en el Consejo de Admnistraci\u00f3n de\nCooperativas de las Am\u00e9ricas y Presidente de la Asamblea de trabajadores y\nTrabajadoras del Banco Popular.<\/em><\/p>\n\n\n\n<figure class=\"wp-block-image\"><img loading=\"lazy\" decoding=\"async\" width=\"464\" height=\"308\" src=\"https:\/\/www.aciamericas.coop\/xxiconferencia\/wp-content\/uploads\/2019\/12\/Picture2.png\" alt=\"\" class=\"wp-image-2544\"\/><\/figure>\n\n\n\n<p><em>&nbsp;Fueron d\u00edas de\nintensas reuniones en mesas de trabajo que finalmente fructificaron en una\nserie de recomendaciones y conclusiones publicadas en la pagina dedicada al\nevento en el siguiente enlace, se destac\u00f3 la situaci\u00f3n convulsa que desde el\npunto de vista pol\u00edtico viven hoy muchos pa\u00edses de la regi\u00f3n fue un tema\ndominante, especialmente porque se insisti\u00f3 en las marcadas desigualdades\necon\u00f3micas que internamente viven los habitantes de las distintas naciones de\nesta parte del mundo. El d\u00eda de la inauguraci\u00f3n, una serie de panelistas\ninvitados especiales expusieron sus puntos de vista sobre el cooperativismo y\nsus opciones dentro de la vida continental. <\/em><\/p>\n\n\n\n<p><em>As\u00ed, Birgit Vleugels, quien represent\u00f3 a la embajadora\nde la Uni\u00f3n Europea (UE) en Costa Rica, resalt\u00f3 la tarea que la Uni\u00f3n Europea\nhace por fortalecer el sector cooperativista a trav\u00e9s de acciones enfocadas en\ninvestigaci\u00f3n, marcos legales cooperativos, incidencia pol\u00edtica, visibilidad,\nalianzas estrat\u00e9gicas, cooperaci\u00f3n internacional, la promoci\u00f3n de la juventud y\nel empoderamiento de la mujer como ejes centrales de la agenda cooperativa a\nnivel mundial.<\/em><\/p>\n\n\n\n<p><em>&nbsp;Seg\u00fan Vleugels,\nla UE cree en el sector cooperativo y lo promueve como uno de los socios\nestrat\u00e9gicos para implementar la Agenda 20-30 de desarrollo. Record\u00f3 que hace\ndos a\u00f1os en la UE se aprob\u00f3 el nuevo consenso para el desarrollo \u201cque es\nnuestra biblia que nos integra, nos interioriza la Agenda 20-30 y es nuestro\nhorizonte para la pol\u00edtica de colaboraci\u00f3n\u201d En este nuevo consenso, agreg\u00f3, las\ncooperativas son reconocidas como un promotor importante para el desarrollo y\ncomo un agente de cambio. Record\u00f3 que la UE europea colabora con la ACI a\ntrav\u00e9s de una alianza estrat\u00e9gica que se puso en marcha en el 2016, la que\napoya con 10 millones de euros el trabajo con 187 cooperativas de 75 pa\u00edses,\ntanto de Europa, Am\u00e9rica Latina, y la regi\u00f3n de Asia en el Pac\u00edfico. <\/em><\/p>\n\n\n\n<p><strong><em>Larga trayectoria<\/em><\/strong><\/p>\n\n\n\n<p><em>&nbsp;La ministra de\nTrabajo, Giannina Dinarte relat\u00f3 que en Costa Rica el cooperativismo es\nimportante, resalt\u00f3 su larga trayectoria, de m\u00e1s de 70 a\u00f1os, de plena\nconvicci\u00f3n en el modelo cooperativo, el que se ha traducido no solo en la\nposibilidad de modelos de negocios que han generado la posibilidad de exportar,\nsino tambi\u00e9n de generar empleo. \u201cY conforme generamos empleo en el sector\ncooperativo, tambi\u00e9n hemos generado mejor calidad de vida para las personas.\nEsto tiene gran significado para nuestro pa\u00eds, Giannina Dinarte. Birgit\nVleugels. Fernando Faith<\/em><\/p>\n\n\n\n<p><em>Hemos visto a los territorios transformarse, a las\ncomunidades crecer y a las personas emprender\u201d, manifest\u00f3. La ministra afirm\u00f3\nque \u201cen Costa Rica creemos con convicci\u00f3n plena en la econom\u00eda social solidaria;\nel gobierno conf\u00eda en que este es un sector vital para la transformaci\u00f3n y para\nla generaci\u00f3n de m\u00e1s oportunidades. No desatender comunidades <\/em><\/p>\n\n\n\n<figure class=\"wp-block-image\"><img loading=\"lazy\" decoding=\"async\" width=\"237\" height=\"356\" src=\"https:\/\/www.aciamericas.coop\/xxiconferencia\/wp-content\/uploads\/2019\/12\/Picture3.png\" alt=\"\" class=\"wp-image-2545\"\/><\/figure>\n\n\n\n<p><em>Por su parte, el presidente de la Alianza Cooperativa\nInternacional (Aci), Ariel Guarco resalt\u00f3 el trabajo que realiza al frente de\nesta alianza, as\u00ed como tambi\u00e9n sobre los momentos dif\u00edciles por los que\natraviesa Latinoam\u00e9rica. \u201cNo podemos desatendernos de las comunidades donde\nestamos insertos; sabemos de lo que son capaces cada uno de nuestros pa\u00edses y\ntambi\u00e9n sabemos que en el cooperativismo fundamentalmente se generan\noportunidades para incluir socialmente a todas las personas\u201d, manifest\u00f3 el\ndirigente cooperativo internacional. Insisti\u00f3 en la necesidad de no tolerar m\u00e1s\nel descuido de los valiosos recursos naturales que ofrecen las diversas\nlatitudes del continente. <\/em><\/p>\n\n\n\n<p><em>Resalt\u00f3 que es importante mostrarle al mundo que\nexiste otra forma de hacer econom\u00eda en el centro de la escena de la vertiginosa\nrevoluci\u00f3n tecnol\u00f3gica que hoy se vive. Guarco manifest\u00f3 tambi\u00e9n la necesidad\nde mejorar la calidad de vida de las mayor\u00edas \u201ccuando hablamos de desarrollo\nsostenible, convencido que lo podemos hacer, pero no en soledad; debemos\nhacerlo en alianzas estrat\u00e9gicas con los gobiernos, las universidades, con los\nsindicatos\u201d. <\/em><\/p>\n\n\n\n<figure class=\"wp-block-image\"><img loading=\"lazy\" decoding=\"async\" width=\"535\" height=\"356\" src=\"https:\/\/www.aciamericas.coop\/xxiconferencia\/wp-content\/uploads\/2019\/12\/Picture4.png\" alt=\"\" class=\"wp-image-2546\"\/><\/figure>\n\n\n\n<p><strong><em>Importancia del cooperativismo en el pa\u00eds<\/em><\/strong><\/p>\n\n\n\n<p><em>&nbsp;Por su parte,\nel presidente de la Asamblea Legislativa, Carlos Ricardo Benavides destac\u00f3 la\nimportancia que ha tenido el cooperativismo en el desarrollo del pa\u00eds. En ese\nsentido inform\u00f3 sobre el resultado de un trabajo realizado por el Centro\nLatinoamericano de Competitividad y Desarrollo Sostenible (CLACDS) que elabor\u00f3\nun \u00edndice de progreso social para las cooperativas costarricenses y que hace\ndiversas comparaciones entre lo que se vive en las regiones del pa\u00eds donde se\nha desarrollado el cooperativismo con otras donde no hay presencia de este\nmovimiento de la econom\u00eda social. Tambi\u00e9n mencion\u00f3 la importancia que el Estado\ncostarricense consagra al cooperativismo pues el art\u00edculo 64 de la Constituci\u00f3n\nPol\u00edtica destaca el fomento del cooperativismo como mecanismo eficiente para\nmejorar las condiciones de vida de los trabajadores.Seg\u00fan don Carlos Ricardo,\nesto permiti\u00f3 el surgimiento de un movimiento cooperativo fuerte y vigoroso.<\/em><\/p>\n\n\n\n<figure class=\"wp-block-image\"><img loading=\"lazy\" decoding=\"async\" width=\"568\" height=\"377\" src=\"https:\/\/www.aciamericas.coop\/xxiconferencia\/wp-content\/uploads\/2019\/12\/Picture5.png\" alt=\"\" class=\"wp-image-2547\"\/><\/figure>\n\n\n\n<p><strong><em>&nbsp;Papel activo <\/em><\/strong><\/p>\n\n\n\n<p><em>Por\nsu parte, la m\u00e1xima autoridad del cooperativismo del continente, Graciela\nFern\u00e1ndez afirm\u00f3 que, en la coyuntura actual, el cooperativismo est\u00e1 llamado a\njugar un papel activo. \u201cNuestro marco \u00e9tico nos convoca a trabajar en la\nconstrucci\u00f3n de comunidades que tambi\u00e9n asuman para su desarrollo sostenible\nnuestro marco de valores y principios de igualdad, de equidad, de solidaridad\u201d,\nenfatiz\u00f3. Hizo un llamado a llevar adelante alianzas estrat\u00e9gicas. Abramos las\npuertas y ventanas para que entren todos. Dialoguemos, este es el camino que\ndebemos seguir\u201d, expres\u00f3 do\u00f1a Graciela quien insisti\u00f3 en que nuestro continente\nes el m\u00e1s desigual del mundo y por ello se haciendo un trabajo para unir al\ncooperativismo.<\/em><\/p>\n","protected":false},"excerpt":{"rendered":"<p>La XXI Conferencia Regional de Cooperativas de las Am\u00e9ricas le cumpli\u00f3 al cooperativismo Tal y como lo solicit\u00f3 el costarricense Fernando Faith Bonilla, &nbsp;la XXI Conferencia Regional Cooperativas de las Am\u00e9ricas, cumpli\u00f3 tras sus tres d\u00edas de reuniones en el [&hellip;]<\/p>\n","protected":false},"author":1,"featured_media":2543,"comment_status":"open","ping_status":"open","sticky":false,"template":"","format":"standard","meta":{"footnotes":""},"categories":[63],"tags":[],"class_list":["post-2541","post","type-post","status-publish","format-standard","has-post-thumbnail","hentry","category-conclusiones"],"_links":{"self":[{"href":"https:\/\/www.aciamericas.coop\/xxiconferencia\/wp-json\/wp\/v2\/posts\/2541"}],"collection":[{"href":"https:\/\/www.aciamericas.coop\/xxiconferencia\/wp-json\/wp\/v2\/posts"}],"about":[{"href":"https:\/\/www.aciamericas.coop\/xxiconferencia\/wp-json\/wp\/v2\/types\/post"}],"author":[{"embeddable":true,"href":"https:\/\/www.aciamericas.coop\/xxiconferencia\/wp-json\/wp\/v2\/users\/1"}],"replies":[{"embeddable":true,"href":"https:\/\/www.aciamericas.coop\/xxiconferencia\/wp-json\/wp\/v2\/comments?post=2541"}],"version-history":[{"count":3,"href":"https:\/\/www.aciamericas.coop\/xxiconferencia\/wp-json\/wp\/v2\/posts\/2541\/revisions"}],"predecessor-version":[{"id":2551,"href":"https:\/\/www.aciamericas.coop\/xxiconferencia\/wp-json\/wp\/v2\/posts\/2541\/revisions\/2551"}],"wp:featuredmedia":[{"embeddable":true,"href":"https:\/\/www.aciamericas.coop\/xxiconferencia\/wp-json\/wp\/v2\/media\/2543"}],"wp:attachment":[{"href":"https:\/\/www.aciamericas.coop\/xxiconferencia\/wp-json\/wp\/v2\/media?parent=2541"}],"wp:term":[{"taxonomy":"category","embeddable":true,"href":"https:\/\/www.aciamericas.coop\/xxiconferencia\/wp-json\/wp\/v2\/categories?post=2541"},{"taxonomy":"post_tag","embeddable":true,"href":"https:\/\/www.aciamericas.coop\/xxiconferencia\/wp-json\/wp\/v2\/tags?post=2541"}],"curies":[{"name":"wp","href":"https:\/\/api.w.org\/{rel}","templated":true}]}}