{"id":2560,"date":"2019-12-17T17:00:17","date_gmt":"2019-12-17T22:00:17","guid":{"rendered":"https:\/\/www.aciamericas.coop\/xxiconferencia\/?p=2560"},"modified":"2019-12-17T17:00:20","modified_gmt":"2019-12-17T22:00:20","slug":"las-cooperativas-el-desarrollo-humano-y-la-justicia-social-en-el-trabajo","status":"publish","type":"post","link":"https:\/\/www.aciamericas.coop\/xxiconferencia\/las-cooperativas-el-desarrollo-humano-y-la-justicia-social-en-el-trabajo\/","title":{"rendered":"Las cooperativas, el  desarrollo humano y la justicia social en el trabajo"},"content":{"rendered":"\n<p>En el marco de la XXI Conferencia Regional de Cooperativas de las Am\u00e9ricas, se\nllev\u00f3 a cabo el laboratorio \u201cObjetivo de Desarrollo Sostenible N\u00famero 8,\nCooperativas y trabajo digno\u201d, una actividad desarrollada en el marco del partenariado \u201cCooperativas\nen el Desarrollo: Empresas centradas en las personas, en acci\u00f3n\u201d (#coops4dev), entre la Alianza Cooperativa Internacional y la Comisi\u00f3n Europea la cual tiene\ncomo objetivo fortalecer el movimiento cooperativo como\nactor para el desarrollo.<\/p>\n\n\n\n<p>Tanto la\nUni\u00f3n Europea como la Organizaci\u00f3n de las Naciones\nUnidas han mostrado un profundo inter\u00e9s por trabajar de manera convergente e interrelacionada con el sector cooperativo, promoviendo la participaci\u00f3n y\nla capacitaci\u00f3n del sector al abrir espacios y\ndando voz al sector para demostrar su solidez y garantizar una transici\u00f3n justa, que no deje nadie atr\u00e1s.El &nbsp;laboratorio llevado a cabo el 18 de noviembre, busc\u00f3 relacionar al ODS 8 (trabajo decente)y las cooperativas, se cont\u00f3 con la participaci\u00f3n de m\u00e1s de 40\nparticipantes provenients de pa\u00edses como M\u00e9xico, Colombia, Guatemala, El Salvador,\nBrasil, Paraguay, Bolivia, Argentina, Uruguay y Per\u00fa. <\/p>\n\n\n\n<p>Entre las tem\u00e1ticas abordadas estuvo el eje de Cooperativas de autogesti\u00f3n y medio ambiente, donde intervino Ivania Ayales, de Coopesolidar, Costa Rica, quien cuenta con experiencia en cooperaci\u00f3n\ninternacional, en agencias\ndel sistema de Naciones Unidas, quien destac\u00f3 sobre el modelo cooperativo \u201cque es un\nmodelo consolidado en la promoci\u00f3n de la igualdad, trabajo decente y en la\nimplementaci\u00f3n de pr\u00e1cticas sostenibles para la biodiversidad terrestre y\nmarina\u201d.<\/p>\n\n\n\n<p>El componente de Integraci\u00f3n de sectores, \u201cla relaci\u00f3n entre cooperativas de\nvivienda y de autogesti\u00f3n\u201d, fue abordada por Carlos Mansilla, de la Confederaci\u00f3n Cooperativa de la Rep\u00fablica Argentina \u2013 Cooperar, quien cuenta con m\u00e1s de treinta a\u00f1os de\nexperiencia dentro del sector de vivienda en la Cooperativa Falucho Ltda. El cual destac\u00f3\nla importancia de la puesta en marcha del 6\u00ba principio cooperativo, \u201ccooperaci\u00f3n entre cooperativas\u201d\npresentando la experiencia Argentina de articulaci\u00f3n\nentre cooperativas de vivienda y cooperativas de autogesti\u00f3n. &nbsp;Una intervenci\u00f3n que\nhizo hincapi\u00e9 en la importancia de la integraci\u00f3n cooperativa y mostr\u00f3 una urgencia en avanzar en la incidencia para la generaci\u00f3n de pol\u00edticas p\u00fablicas que favorezcan el cooperativismo. &nbsp;<\/p>\n\n\n\n<p>Dov Orian, representante de la Confederaci\u00f3n Nacional\nCooperativa de Actividades Diversas de la Rep\u00fablica Mexicana, habl\u00f3 sobre \u201cel futuro del trabajo\u201d y los vertiginosos cambios que se est\u00e1n viviendo dentro de esta conceptualizaci\u00f3n hist\u00f3rica. Orian,\ntambi\u00e9n abord\u00f3 temas\nestrat\u00e9gicos sobre c\u00f3mo se avanza hacia un\ncambio en los paradigmas,&nbsp; dentro de una posible \u201cDisrupci\u00f3n total\u201d; destacando los cambios\nen las nuevas tecnolog\u00edas y el talento humano interno y externo. <\/p>\n\n\n\n<p>Dentro del eje de \u201cCooperativas de autogesti\u00f3n y equidad de\ng\u00e9nero\u201d, Mar\u00eda\nLaura Coria, de la Federaci\u00f3n de Cooperativas de Producci\u00f3n de Uruguay, retrat\u00f3 un paso a paso en la implementaci\u00f3n de c\u00f3mo desarrollar la perspectiva de g\u00e9nero en las cooperativas. Para ello se realiz\u00f3 la investigaci\u00f3n Cooperaci\u00f3n con equidad que cuenta con la financiaci\u00f3n de la Uni\u00f3n\nEuropea, la cual buscaba\nrealizar un diagn\u00f3stico de g\u00e9nero del cooperativismo uruguayo; Analizando\n\u00bfPor qu\u00e9 las mujeres no\nparticipaban en los \u00f3rganos de decisi\u00f3n?,\ndonde&nbsp; los hallazgos arrojaron que s\u00f3lo\n148 organizaciones de un total 433 contestaron las encuestas; &nbsp;se\nregistr\u00f3 que en &nbsp;&nbsp;el 71% de los casos cuentan con\nmujeres en puestos directivos\n(Consejos de Administraci\u00f3n o Juntas Directivas), sin\nembargo, en la mayor parte de estos, el rol que ocupan tiene poco impacto en la toma\nreal de decisiones; en ese\norden, Coria invit\u00f3 a las organizaciones y a las\nmujeres asistentes a trabajar en incidir en sus organizaciones para elevar el rol de la mujer en ellas.<\/p>\n\n\n\n<p>Como concertaciones y\nrecomendaciones &nbsp;de los asistentes, se acord\u00f3 continuar y acentuar el trabajo en la formaci\u00f3n\nde valores cooperativos dentro de la educaci\u00f3n formal\nhaciendo valer las legislaciones nacionales; as\u00ed mismo, se mencion\u00f3 que no existir\u00e1n condiciones para construir elementos por un trabajo decente si no se trabaja bajo un enfoque de\ng\u00e9nero y se alent\u00f3\na las cooperativas a\nencontrar espacios para la generaci\u00f3n de redes entre las cooperativas de\ntrabajo y otros sectores del cooperativismo.\n\nDe cara a las\nconclusiones, la tarea principal de las cooperativas es asegurarse que se est\u00e9n\npropiciando las condiciones necesarias para aportar a la generaci\u00f3n de trabajo\ndecente, as\u00ed como la importancia de visibilizar los aportes que el\ncooperativismo realiza para el cumplimiento de las metas asociadas al ODS 8 en\nparticular y al conjunto de la Agenda 2030 de Naciones Unidas en general; por\nello, el reportar a trav\u00e9s de herramientas como la certificaci\u00f3n de Balance Social\nde Cooperativas de las Am\u00e9ricas es considerada de un enorme valor para la\nmedici\u00f3n de estos aportes y adem\u00e1s refuerza la esencia e identidad cooperativa.\n\n\n\n<\/p>\n\n\n\n<hr class=\"wp-block-separator\"\/>\n\n\n\n<figure class=\"wp-block-image\"><img loading=\"lazy\" decoding=\"async\" width=\"1024\" height=\"130\" src=\"https:\/\/www.aciamericas.coop\/xxiconferencia\/wp-content\/uploads\/2019\/12\/disclaimer-4-1024x130.png\" alt=\"\" class=\"wp-image-2562\"\/><\/figure>\n\n\n\n<p><em>La presente\npublicaci\u00f3n ha sido elaborada con la asistencia de la Uni\u00f3n Europea. El\ncontenido de la misma es responsabilidad exclusiva de Cooperativa de las\nAm\u00e9ricas, y en ning\u00fan caso debe considerarse que\nrefleja los puntos de vista de la Uni\u00f3n Europea.<\/em><\/p>\n","protected":false},"excerpt":{"rendered":"<p>En el marco de la XXI Conferencia Regional de Cooperativas de las Am\u00e9ricas, se llev\u00f3 a cabo el laboratorio \u201cObjetivo de Desarrollo Sostenible N\u00famero 8, Cooperativas y trabajo digno\u201d, una actividad desarrollada en el marco del partenariado \u201cCooperativas en el [&hellip;]<\/p>\n","protected":false},"author":1,"featured_media":2563,"comment_status":"open","ping_status":"open","sticky":false,"template":"","format":"standard","meta":{"footnotes":""},"categories":[63],"tags":[],"class_list":["post-2560","post","type-post","status-publish","format-standard","has-post-thumbnail","hentry","category-conclusiones"],"_links":{"self":[{"href":"https:\/\/www.aciamericas.coop\/xxiconferencia\/wp-json\/wp\/v2\/posts\/2560"}],"collection":[{"href":"https:\/\/www.aciamericas.coop\/xxiconferencia\/wp-json\/wp\/v2\/posts"}],"about":[{"href":"https:\/\/www.aciamericas.coop\/xxiconferencia\/wp-json\/wp\/v2\/types\/post"}],"author":[{"embeddable":true,"href":"https:\/\/www.aciamericas.coop\/xxiconferencia\/wp-json\/wp\/v2\/users\/1"}],"replies":[{"embeddable":true,"href":"https:\/\/www.aciamericas.coop\/xxiconferencia\/wp-json\/wp\/v2\/comments?post=2560"}],"version-history":[{"count":1,"href":"https:\/\/www.aciamericas.coop\/xxiconferencia\/wp-json\/wp\/v2\/posts\/2560\/revisions"}],"predecessor-version":[{"id":2564,"href":"https:\/\/www.aciamericas.coop\/xxiconferencia\/wp-json\/wp\/v2\/posts\/2560\/revisions\/2564"}],"wp:featuredmedia":[{"embeddable":true,"href":"https:\/\/www.aciamericas.coop\/xxiconferencia\/wp-json\/wp\/v2\/media\/2563"}],"wp:attachment":[{"href":"https:\/\/www.aciamericas.coop\/xxiconferencia\/wp-json\/wp\/v2\/media?parent=2560"}],"wp:term":[{"taxonomy":"category","embeddable":true,"href":"https:\/\/www.aciamericas.coop\/xxiconferencia\/wp-json\/wp\/v2\/categories?post=2560"},{"taxonomy":"post_tag","embeddable":true,"href":"https:\/\/www.aciamericas.coop\/xxiconferencia\/wp-json\/wp\/v2\/tags?post=2560"}],"curies":[{"name":"wp","href":"https:\/\/api.w.org\/{rel}","templated":true}]}}