{"id":36,"date":"2019-11-16T07:24:08","date_gmt":"2019-11-16T12:24:08","guid":{"rendered":"http:\/\/an.captcha.com.co\/?p=36"},"modified":"2019-11-16T12:35:38","modified_gmt":"2019-11-16T17:35:38","slug":"how-alphabets-project-loon-balloons-learned-to-loiter","status":"publish","type":"post","link":"https:\/\/www.aciamericas.coop\/xxiconferencia\/how-alphabets-project-loon-balloons-learned-to-loiter\/","title":{"rendered":"SECTOR COOPERATIVO DE AM\u00c9RICA SE RE\u00daNE EN C.R. PARA DISCUTIR OBJETIVOS DE DESARROLLO Y SOSTENIBILIDAD"},"content":{"rendered":"<p class=\"p1\" style=\"text-align: center;\"><i style=\"font-size: inherit;\">Del 18 al 20 de noviembre m\u00e1s de mil cooperativistas, autoridades nacionales e internacionales se dar\u00e1n cita en el Hotel Real Intercontinental.<\/i><\/p>\n<p class=\"p3\" style=\"text-align: center;\"><span class=\"s2\"><i>\u00b7<\/i><\/span><span class=\"s3\"><i> <span class=\"Apple-converted-space\">\u00a0 <\/span><\/i><\/span><span class=\"s2\"><i>Tambi\u00e9n se celebrar\u00e1 el C<\/i><\/span><span class=\"s4\"><i>ongreso Continental de Derecho Cooperativo, del 20 al 22 de Noviembre en la sede del Edificio Cooperativo de Costa Rica.<\/i><\/span><\/p>\n<p class=\"p5\"><span class=\"s2\"><b><i>San Jos\u00e9, jueves 14 de Noviembre del 2019.<\/i> <\/b><\/span><span class=\"s4\">Costa Rica ser\u00e1 el epicentro<span class=\"Apple-converted-space\">\u00a0 <\/span>del cooperativismo de toda Am\u00e9rica tras ser<span class=\"Apple-converted-space\">\u00a0 <\/span>elegida como la sede de la Vig\u00e9sima Primera Conferencia Regional de Cooperativas de las Am\u00e9ricas, regi\u00f3n de la Alianza Cooperativa Internacional (ACI).<\/span><\/p>\n<p class=\"p7\"><span class=\"s1\">La conferencia tendr\u00e1 lugar del 20 al 22 de noviembre en el Hotel Intercontinental Escaz\u00fa bajo el tema: \u201cLas cooperativas, actores econ\u00f3micos con impacto social y sostenible\u201d.<\/span><\/p>\n<p class=\"p7\"><span class=\"s1\">En la actividad se celebrar\u00e1n m\u00e1s de 20 reuniones, talleres, laboratorios, conferencias magistrales y el primer \u201cHackathon Cooperativo Regional\u201d. <\/span><\/p>\n<p class=\"p7\"><span class=\"s1\">Los ejes de trabajo ser\u00e1n: <\/span><\/p>\n<ul class=\"ul1\">\n<li class=\"li5\"><span class=\"s4\"><b>Desarrollo Econ\u00f3mico y Social<\/b>. <\/span><\/li>\n<li class=\"li5\"><span class=\"s4\"><b>Las cooperativas y la agenda ONU 2030.<\/b> <\/span><\/li>\n<li class=\"li5\"><span class=\"s4\"><b>Econom\u00eda del conocimiento.<\/b><\/span><\/li>\n<\/ul>\n<p class=\"p7\"><span class=\"s1\">En el evento estar\u00e1n presentes cerca de mil personas que representan a las cooperativas regionales, delegaciones de organismos internacionales, representantes de sectores de la sociedad civil, academia, sector privado, gobiernos subnacionales y parlamentarios de la regi\u00f3n.<\/span><\/p>\n<p class=\"p7\"><span class=\"s1\">Ellos compartir\u00e1n soluciones pr\u00e1cticas a los desaf\u00edos actuales y explicar\u00e1n c\u00f3mo el sector cooperativo puede consolidarse como un modelo asociativo y productivo para el desarrollo social, econ\u00f3mico y ambiental. <\/span><\/p>\n<p class=\"p7\"><span class=\"s1\"><b>UNA VENTANA PARA COSTA RICA<\/b><\/span><\/p>\n<p class=\"p7\"><span class=\"s1\">El vicepresidente de la Rep\u00fablica Marvin Rodr\u00edguez Cordero ser\u00e1 uno de los ponentes en la conferencia.<span class=\"Apple-converted-space\">\u00a0 <\/span>\u00c9l junto a organismos cooperativos nacionales e internacionales, han realizado un gran esfuerzo por el fomento de las alianzas entre Costa Rica y otros pa\u00edses de la regi\u00f3n.\u00a0<\/span><\/p>\n<p class=\"p7\"><span class=\"s1\">\u201cEs un gusto recibir el liderazgo del sector cooperativo. Este es un evento que representa una ventana al mundo.<span class=\"Apple-converted-space\">\u00a0 <\/span>Vienen a aportar todo el conocimiento y los avances y un escenario sin precedentes para mostrar lo que estamos haciendo en Costa Rica \u201d afirm\u00f3 el Vicepresidente.<\/span><\/p>\n<p class=\"p7\"><span class=\"s1\">Por su parte, la Presidenta de Cooperativas de las Am\u00e9ricas (COOP), Graciela Fern\u00e1ndez Quintas, destac\u00f3 el papel del cooperativismo como n\u00facleo central de las econom\u00edas que quieren avanzar de forma colaborativa e inclusiva. \u201cEl rol que las cooperativas cumplen es representar esa econom\u00eda en la cual la persona est\u00e1 en el centro\u201d, indic\u00f3 Fern\u00e1ndez.<\/span><\/p>\n<p class=\"p7\"><span class=\"s1\">El evento incluir\u00e1 conferencias magistrales que se realizaran en la ma\u00f1ana y las actividades paralelas denominados \u201claboratorios\u201d, que se llevar\u00e1n a cabo en la tarde y que constituyen los verdaderos espacios de an\u00e1lisis y debates de los participantes.<\/span><\/p>\n<p class=\"p7\"><span class=\"s1\">A nivel nacional las organizaciones miembros de Cooperativas de las Am\u00e9ricas en Costa Rica: INFOCOOP, Coopeservidores, Cenecoop, CoopeAnde N\u00ba1, Sociedad Seguros de Vida del Magisterio Nacional, Banco Popular y Conacoop, junto al Consejo de Administraci\u00f3n de Cooperativas de las Am\u00e9ricas invitan a participar de la conferencia a todo el sector nacional.<\/span><\/p>\n<p class=\"p7\"><span class=\"s1\"><b>CONGRESO DE DERECHO COOPERATIVO<\/b><\/span><\/p>\n<p class=\"p7\"><span class=\"s1\">Adem\u00e1s de la conferencia regional, Costa Rica albergar\u00e1 la edici\u00f3n de 2019 del Congreso Continental de Derecho Cooperativo, del 20 al 22 de Noviembre en la sede del<span class=\"Apple-converted-space\">\u00a0 <\/span>Edificio Cooperativo de Costa Rica.<\/span><\/p>\n<p class=\"p7\"><span class=\"s1\">El congreso supone un hito hist\u00f3rico para la regi\u00f3n, que permitir\u00e1 reafirmar las prioridades de apoyo y di\u00e1logo pol\u00edtico con los gobiernos nacionales y las organizaciones internacionales. El evento est\u00e1 dirigido a abogados, profesores, magistrados, l\u00edderes cooperativos, funcionarios y organismos p\u00fablicos vinculados con el entorno cooperativo. <\/span><\/p>\n<p class=\"p7\"><span class=\"s1\"><b>\u00a1Ponentes inspiradores! <\/b><\/span><\/p>\n<p class=\"p9\"><span class=\"s1\">La conferencia contar\u00e1 con varios ponentes de alto nivel, aqu\u00ed mencionamos s\u00f3lo algunos:<\/span><\/p>\n<p class=\"p11\"><span class=\"s1\">\u00b7 <span class=\"Apple-converted-space\">\u00a0 <\/span>Ariel Guarco, Presidente de la Alianza Cooperativa Internacional, <\/span><\/p>\n<p class=\"p11\"><span class=\"s1\">\u00b7 <span class=\"Apple-converted-space\">\u00a0 <\/span>Graciela Fernandez, Presidenta de Cooperativas de las Am\u00e9ricas,<\/span><\/p>\n<p class=\"p11\"><span class=\"s1\">\u00b7 <span class=\"Apple-converted-space\">\u00a0 <\/span>Marvin Rodr\u00edguez Cordero Vicepresidente de Costa Rica<\/span><\/p>\n<p class=\"p11\"><span class=\"s1\">\u00b7 <span class=\"Apple-converted-space\">\u00a0 <\/span>Carlos Ricardo Benavides, Presidente Asamblea Legislativa del Gobierno de la Rep\u00fablica de Costa Rica<\/span><\/p>\n<p class=\"p11\"><span class=\"s1\">\u00b7 <span class=\"Apple-converted-space\">\u00a0 <\/span>Geannina Dinarte Romero, Ministra Trabajo y Seguridad Social del Gobierno de la Rep\u00fablica de Costa Rica<\/span><\/p>\n<p class=\"p11\"><span class=\"s1\">\u00b7 <span class=\"Apple-converted-space\">\u00a0 <\/span>Carlos Manuel Rodr\u00edguez, Ministro de Ambiente y Energ\u00eda del Gobierno de la Rep\u00fablica de Costa Rica<\/span><\/p>\n<p class=\"p11\"><span class=\"s1\">\u00b7 <span class=\"Apple-converted-space\">\u00a0 <\/span>Antonia Calvo Puerta, Embajadora de la Delegaci\u00f3n de la Uni\u00f3n Europea en Costa Rica.<\/span><\/p>\n<p class=\"p11\"><span class=\"s1\">\u00b7 <span class=\"Apple-converted-space\">\u00a0 <\/span>Stefano Zamagni, Profesor de Econom\u00eda Universidad de Bologna y Presidente de la Pontificia Academia de Ciencias Sociales<\/span><\/p>\n<p class=\"p11\"><span class=\"s1\">\u00b7 <span class=\"Apple-converted-space\">\u00a0 <\/span>Luis Porto, Consejero Estrat\u00e9gico para la OEA &#8211; Organizaci\u00f3n Estados Americanos<\/span><\/p>\n<p class=\"p11\"><span class=\"s1\">\u00b7 <span class=\"Apple-converted-space\">\u00a0 <\/span>Doug O\u2019 Brien, Presidente y CEO de NCBA-CLUSA Consultor del Presidente de EEUU Barack Obama para Desarrollo Rural e Inclusi\u00f3n<\/span><\/p>\n<p class=\"p11\"><span class=\"s1\">\u00b7 <span class=\"Apple-converted-space\">\u00a0 <\/span>Luis Beduschi, Oficial de Pol\u00edtica FAO Oficina Regional para Am\u00e9rica Latina y el Caribe<\/span><\/p>\n<p class=\"p11\"><span class=\"s1\">\u00b7 <span class=\"Apple-converted-space\">\u00a0 <\/span>Gabriela Mata Mar\u00edn, Economista feminista y especialista de sector privado y g\u00e9nero de ONU Mujeres en Costa Rica<\/span><\/p>\n<p class=\"p11\"><span class=\"s1\">\u00b7 <span class=\"Apple-converted-space\">\u00a0 <\/span>Victoria Cruz, Oficial de Planificaci\u00f3n Estrat\u00e9gica Oficina de Naciones Unidas en Costa Rica<\/span><\/p>\n<p class=\"p11\"><span class=\"s1\">\u00b7 <span class=\"Apple-converted-space\">\u00a0 <\/span>Pedro Sasia, Presidente Federaci\u00f3n Europea de Bancos \u00c9ticos y Alternativos &#8211; FEBEA Vicepresidente Banca Etica, Italia<\/span><\/p>\n<p class=\"p11\"><span class=\"s1\">\u00b7 <span class=\"Apple-converted-space\">\u00a0 <\/span>Jeffrey Sachs, Director Centro Desarrollo Sostenible Columbia University<\/span><\/p>\n<p class=\"p11\"><span class=\"s1\">\u00b7 <span class=\"Apple-converted-space\">\u00a0 <\/span>Lina Camargo, Coordinadora GRI &#8211; Global Reporting Initiative Oficina para Hispano America<\/span><\/p>\n<p class=\"p11\"><span class=\"s1\">\u00b7 <span class=\"Apple-converted-space\">\u00a0 <\/span>Pablo Yanes Rizo, Coordinador de Investigaciones CEPAL Comisi\u00f3n Econ\u00f3mica para Am\u00e9rica Latina y el Caribe<\/span><\/p>\n<p class=\"p11\"><span class=\"s1\">\u00b7 <span class=\"Apple-converted-space\">\u00a0 <\/span>Guilherme Brady, Jefe de la Unidad de Agricultura Familiar y Asociaciones con las Organizaciones de la Sociedad Civil de la FAO, Oficina Mundial<\/span><\/p>\n<p class=\"p11\"><span class=\"s1\">\u00b7 <span class=\"Apple-converted-space\">\u00a0 <\/span>Sergio Fernandez de Cordoba, Director y fundador de la Alianza Impacto Latino.<\/span><\/p>\n<p class=\"p11\"><span class=\"s1\">\u00b7 <span class=\"Apple-converted-space\">\u00a0 <\/span>Ilana Gotz, de EURICSE &#8211; Instituto Europeo de Investigaci\u00f3n sobre Empresas Cooperativas y Sociales, Curador del World Cooperative Monitor<\/span><\/p>\n<p class=\"p11\"><span class=\"s1\">\u00b7 <span class=\"Apple-converted-space\">\u00a0 <\/span>Leiha Edmonds, Community Economic Development Hub Urban Institute<\/span><\/p>\n<p class=\"p11\"><span class=\"s1\">\u00b7 <span class=\"Apple-converted-space\">\u00a0 <\/span>Claudia S\u00e1nchez Bajo, Representante para Am\u00e9rica Latina del ICA CCR Comit\u00e9 de Investigaci\u00f3n sobre Cooperativas, Alianza Cooperativa Internacional.<\/span><\/p>\n<p class=\"p11\"><span class=\"s1\">\u00b7 <span class=\"Apple-converted-space\">\u00a0 <\/span>Lloyd Day, Vice Director General IICA &#8211; Instituto Interamericano para la Cooperaci\u00f3n en Agricultura<\/span><\/p>\n<p class=\"p11\"><span class=\"s1\">\u00b7 <span class=\"Apple-converted-space\">\u00a0 <\/span>Leonardo Ferreira, Director Adjunto OIT Oficina para Am\u00e9rica Central, Hait\u00ed, Panam\u00e1 y Rep\u00fablica Dominicana<\/span><\/p>\n<p class=\"p11\"><span class=\"s1\">\u00b7 <span class=\"Apple-converted-space\">\u00a0 <\/span>Christophe Itier, Alto Comisionado de la Econom\u00eda Social y Solidaria &#8211; Iniciativa &#8220;Pact for Impact&#8221;<span class=\"Apple-converted-space\">\u00a0 <\/span>Gobierno de Francia<\/span><\/p>\n<p class=\"p11\"><span class=\"s1\">\u00b7 <span class=\"Apple-converted-space\">\u00a0 <\/span>Dulclair Sternadt, Responsable de Alianzas FAO Oficina Regional para Am\u00e9rica Latina y el Caribe<\/span><\/p>\n<p class=\"p7\"><span class=\"s1\">Para mayor informaci\u00f3n e inscripciones puedes ingresar a la p\u00e1gina web: <a href=\"http:\/\/www.aciamericas.coop\/xxiconferencia\"><span class=\"s5\">www.aciamericas.coop\/xxiconferencia<\/span><\/a> y para para acreditaci\u00f3n de prensa, informaciones y aclaraciones pueden comunicarse con la oficina Regional Cooperativas de las Am\u00e9ricas al 2290 1714 o al correo <a href=\"mailto:natalia.gonzalez@aciamericas.coop\"><span class=\"s5\">natalia.gonzalez@aciamericas.coop<\/span><\/a> <\/span><\/p>\n<p><img loading=\"lazy\" decoding=\"async\" class=\"aligncenter size-full wp-image-1853\" src=\"https:\/\/www.aciamericas.coop\/xxiconferencia\/wp-content\/uploads\/2017\/02\/Imagen1.jpg\" alt=\"\" width=\"1280\" height=\"853\" \/><\/p>\n","protected":false},"excerpt":{"rendered":"<p>Del 18 al 20 de noviembre m\u00e1s de mil cooperativistas, autoridades nacionales e internacionales se dar\u00e1n cita en el Hotel Real Intercontinental. \u00b7 \u00a0 Tambi\u00e9n se celebrar\u00e1 el Congreso Continental de Derecho Cooperativo, del 20 al 22 de Noviembre en [&hellip;]<\/p>\n","protected":false},"author":1,"featured_media":1852,"comment_status":"open","ping_status":"open","sticky":false,"template":"","format":"standard","meta":{"footnotes":""},"categories":[63],"tags":[],"class_list":["post-36","post","type-post","status-publish","format-standard","has-post-thumbnail","hentry","category-conclusiones"],"_links":{"self":[{"href":"https:\/\/www.aciamericas.coop\/xxiconferencia\/wp-json\/wp\/v2\/posts\/36"}],"collection":[{"href":"https:\/\/www.aciamericas.coop\/xxiconferencia\/wp-json\/wp\/v2\/posts"}],"about":[{"href":"https:\/\/www.aciamericas.coop\/xxiconferencia\/wp-json\/wp\/v2\/types\/post"}],"author":[{"embeddable":true,"href":"https:\/\/www.aciamericas.coop\/xxiconferencia\/wp-json\/wp\/v2\/users\/1"}],"replies":[{"embeddable":true,"href":"https:\/\/www.aciamericas.coop\/xxiconferencia\/wp-json\/wp\/v2\/comments?post=36"}],"version-history":[{"count":3,"href":"https:\/\/www.aciamericas.coop\/xxiconferencia\/wp-json\/wp\/v2\/posts\/36\/revisions"}],"predecessor-version":[{"id":1855,"href":"https:\/\/www.aciamericas.coop\/xxiconferencia\/wp-json\/wp\/v2\/posts\/36\/revisions\/1855"}],"wp:featuredmedia":[{"embeddable":true,"href":"https:\/\/www.aciamericas.coop\/xxiconferencia\/wp-json\/wp\/v2\/media\/1852"}],"wp:attachment":[{"href":"https:\/\/www.aciamericas.coop\/xxiconferencia\/wp-json\/wp\/v2\/media?parent=36"}],"wp:term":[{"taxonomy":"category","embeddable":true,"href":"https:\/\/www.aciamericas.coop\/xxiconferencia\/wp-json\/wp\/v2\/categories?post=36"},{"taxonomy":"post_tag","embeddable":true,"href":"https:\/\/www.aciamericas.coop\/xxiconferencia\/wp-json\/wp\/v2\/tags?post=36"}],"curies":[{"name":"wp","href":"https:\/\/api.w.org\/{rel}","templated":true}]}}