{"id":39,"date":"2019-11-14T04:49:15","date_gmt":"2019-11-14T09:49:15","guid":{"rendered":"http:\/\/an.captcha.com.co\/?p=39"},"modified":"2019-11-17T20:36:26","modified_gmt":"2019-11-18T01:36:26","slug":"student-job-finder-wayup-acquires-competitor-looksharp","status":"publish","type":"post","link":"https:\/\/www.aciamericas.coop\/xxiconferencia\/student-job-finder-wayup-acquires-competitor-looksharp\/","title":{"rendered":"Encuentro Regional de Juventud Cooperativa \u201cJuventud 4.0:Emprendimiento, Innovaci\u00f3n, Comunicaci\u00f3n, Incidencia \u201c"},"content":{"rendered":"<p class=\"p1\"><span class=\"s1\">El compromiso y la participaci\u00f3n de los j\u00f3venes es esencial para lograr el desarrollo humano sostenible. Sin embargo, a menudo las oportunidades para los j\u00f3venes de participar pol\u00edtica, econ\u00f3mica y socialmente son pocas o inexistentes. <\/span><\/p>\n<p class=\"p1\"><span class=\"s1\">La plena y efectiva participaci\u00f3n de los j\u00f3venes en la vida de la sociedad y en la adopci\u00f3n de decisiones es una de las 15 esferas prioritarias definidas por la Asamblea General de la ONU. <\/span><\/p>\n<p class=\"p1\"><span class=\"s1\">Una nueva transformaci\u00f3n Industrial se avecina r\u00e1pidamente por el mar de la tecnolog\u00eda, llega en forma de ola a la tierra de la globalizaci\u00f3n y las comunicaciones digitales. Las generaciones j\u00f3venes la han llamado, la revoluci\u00f3n del conocimiento. Y,&nbsp; como toda revoluci\u00f3n,&nbsp; viene acompa\u00f1ada de nuevos elementos, visiones radicales y cambios profundos y permanentes que marcar\u00e1n el desarrollo profesional de las nuevas generaciones millennials. Hablamos de la Industria 4.0. <\/span><\/p>\n<p class=\"p1\"><span class=\"s1\">La Industria 4.0 est\u00e1 transformando<span class=\"Apple-converted-space\">&nbsp; <\/span>las din\u00e1micas ec\u00f3nomica , sociales y el estilo de vida de los seres humanos,el cooperativismo y sobre todo la juventud cooperativista debe garantizar que el sector est\u00e9 preparado para esra revoluci\u00f3n 4.0 .<\/span><\/p>\n<p class=\"p1\"><span class=\"s1\">Es por esto que las organizaciones cooperativas deben promover la fusi\u00f3n generacional,el cooperativsmo debe aprovechar el enorme potencial de la juventud para contribuir al crecimiento , modernizaci\u00f3n y desarrollo del sector de cara a la nuevas din\u00e1micas socioecon\u00f3micas. <\/span><\/p>\n<p class=\"p1\"><span class=\"s1\">El Comit\u00e9 Regional de Juventud de Cooperativas de las Am\u00e9ricas (CRJ)<span class=\"Apple-converted-space\">&nbsp; <\/span>y la juventud Cooperatvista de Costa Rica invitan al Encuentro Regional de juventud 4.0, en donde se tratar\u00e1n y debatir\u00e1n tem\u00e1ticas tales como: Emprendimiento, Innovaci\u00f3n, Comunicaci\u00f3n, Incidencia y c\u00f3mo la juventud 4.0 puede contribuir a porisicionar a el sector cooperativo como referente de la transfromaci\u00f3n industrial, aprovehando la innovaci\u00f3n de la jueventud y resaltando los principios rectores<span class=\"Apple-converted-space\">&nbsp; <\/span>del modelo cooperativo. <\/span><\/p>\n<table class=\"t1\" cellspacing=\"0\" cellpadding=\"0\">\n<tbody>\n<tr>\n<td class=\"td1\" colspan=\"4\" valign=\"top\">\n<p class=\"p4\"><span class=\"s1\"><b>Encuentro Regional de Juventud Cooperativa<\/b><\/span><\/p>\n<p class=\"p5\"><span class=\"s1\"><b>\u201cJuventud 4.0:Emprendimiento, Innovaci\u00f3n, Comunicaci\u00f3n, Incidencia \u201c<\/b><\/span><\/p>\n<\/td>\n<\/tr>\n<tr>\n<td class=\"td2\" valign=\"top\">\n<p class=\"p7\"><span class=\"s1\"><b>Fecha: <\/b><\/span><\/p>\n<\/td>\n<td class=\"td3\" valign=\"top\">\n<p class=\"p7\"><span class=\"s1\">Noviembre 18<span class=\"Apple-converted-space\">&nbsp; <\/span>de 2019<\/span><\/p>\n<\/td>\n<td class=\"td4\" colspan=\"2\" valign=\"top\"><\/td>\n<\/tr>\n<tr>\n<td class=\"td5\" valign=\"top\">\n<p class=\"p7\"><span class=\"s1\"><b>Horario: <\/b><\/span><\/p>\n<\/td>\n<td class=\"td6\" valign=\"top\">\n<p class=\"p7\"><span class=\"s1\">14:00-18:00<\/span><\/p>\n<\/td>\n<td class=\"td7\" colspan=\"2\" valign=\"top\"><\/td>\n<\/tr>\n<tr>\n<td class=\"td8\" valign=\"top\">\n<p class=\"p7\"><span class=\"s1\"><b>Objetivo de la Actividad:<\/b><\/span><\/p>\n<\/td>\n<td class=\"td9\" colspan=\"3\" valign=\"top\">\n<p class=\"p7\"><span class=\"s1\">Promover la discusi\u00f3n entorno al rol de la juventud cooperativista en la revoluci\u00f3n 4.0<span class=\"Apple-converted-space\">&nbsp; <\/span>resaltando as\u00ed la importancia del emprendimiento, la comunicaci\u00f3n, y la incidencia de cara al fortalecimiento del modelo cooperativo. <\/span><\/p>\n<\/td>\n<\/tr>\n<tr>\n<td class=\"td10\" colspan=\"4\" valign=\"middle\"><\/td>\n<\/tr>\n<tr>\n<td class=\"td11\" valign=\"top\">\n<p class=\"p8\"><span class=\"s1\">Horario<\/span><\/p>\n<\/td>\n<td class=\"td12\" valign=\"top\">\n<p class=\"p8\"><span class=\"s1\">Actividad<\/span><\/p>\n<\/td>\n<td class=\"td13\" valign=\"top\">\n<p class=\"p8\"><span class=\"s1\">Contenido y metodolog\u00eda<\/span><\/p>\n<\/td>\n<td class=\"td14\" valign=\"top\"><\/td>\n<\/tr>\n<tr>\n<td class=\"td5\" valign=\"top\">\n<p class=\"p7\"><span class=\"s1\">14:00-14:15<\/span><\/p>\n<\/td>\n<td class=\"td6\" valign=\"top\">\n<p class=\"p7\"><span class=\"s1\"><b>Bienvenida <\/b><\/span><\/p>\n<\/td>\n<td class=\"td15\" valign=\"top\">\n<p class=\"p7\"><span class=\"s1\">Bienvenida a cargo de Autoridades de Costa rica , CRJ <\/span><\/p>\n<\/td>\n<td class=\"td16\" valign=\"top\"><\/td>\n<\/tr>\n<tr>\n<td class=\"td2\" valign=\"top\">\n<p class=\"p7\"><span class=\"s1\">14:00-14:15<\/span><\/p>\n<\/td>\n<td class=\"td3\" valign=\"top\">\n<p class=\"p7\"><span class=\"s1\"><b>Presentaci\u00f3n de los participantes<\/b><\/span><\/p>\n<\/td>\n<td class=\"td17\" valign=\"top\">\n<p class=\"p7\"><span class=\"s1\">Presentacion CRJ y comit\u00e9 de Costa rica <\/span><\/p>\n<\/td>\n<td class=\"td18\" valign=\"top\"><\/td>\n<\/tr>\n<tr>\n<td class=\"td19\" valign=\"top\">\n<p class=\"p7\"><span class=\"s1\">14:00-14:45 <\/span><\/p>\n<\/td>\n<td class=\"td20\" valign=\"top\">\n<p class=\"p7\"><span class=\"s1\"><b>Panel: Juventud 4.0<\/b><\/span><\/p>\n<\/td>\n<td class=\"td21\" valign=\"top\"><\/td>\n<td class=\"td22\" valign=\"top\"><\/td>\n<\/tr>\n<tr>\n<td class=\"td2\" valign=\"top\">\n<p class=\"p7\"><span class=\"s1\">14:45-15:15<\/span><\/p>\n<\/td>\n<td class=\"td3\" valign=\"top\">\n<p class=\"p7\"><span class=\"s1\"><b>Intercambio entre los participantes <\/b><\/span><\/p>\n<\/td>\n<td class=\"td17\" valign=\"top\">\n<p class=\"p11\"><span class=\"s1\">Intercambio de experiencias de los contextos nacionales y presentaci\u00f3n de propuestas <\/span><\/p>\n<\/td>\n<td class=\"td18\" valign=\"top\"><\/td>\n<\/tr>\n<tr>\n<td class=\"td23\" valign=\"top\">\n<p class=\"p7\"><span class=\"s1\">15:15-16:00<\/span><\/p>\n<\/td>\n<td class=\"td24\" valign=\"top\">\n<p class=\"p7\"><span class=\"s1\"><b>Panel: Emprendimienot comunicaci\u00f3n e incidencia<\/b><\/span><\/p>\n<\/td>\n<td class=\"td25\" valign=\"top\">\n<p class=\"p12\"><span class=\"s1\" style=\"color: #000000;\"><b>Alfredo Manrique &#8211;<span class=\"Apple-converted-space\">&nbsp; <\/span>ONU HABITAT<\/b><\/span><\/p>\n<p class=\"p7\"><span style=\"color: #000000;\"><span class=\"s2\"><b>Monica Hidalgo IMPACT HUB SAN JOSE<\/b><\/span><b> <\/b><\/span><\/p>\n<p class=\"p7\"><span class=\"s2\" style=\"color: #000000;\"><b>Presentaci\u00f3n PROGRAMA GCE- ( Coops Americas )<\/b><\/span><\/p>\n<p class=\"p7\"><span class=\"s2\" style=\"color: #000000;\"><b>AROUND THE WORLD-COOP<\/b><\/span><\/p>\n<\/td>\n<td class=\"td26\" valign=\"top\"><\/td>\n<\/tr>\n<\/tbody>\n<\/table>\n<table class=\"t1\" cellspacing=\"0\" cellpadding=\"0\">\n<tbody>\n<tr>\n<td class=\"td27\" valign=\"top\">\n<p class=\"p7\"><span class=\"s1\">16:00-16:30<\/span><\/p>\n<\/td>\n<td class=\"td28\" valign=\"top\">\n<p class=\"p7\"><span class=\"s1\"><b>Pausa para Caf\u00e9<\/b><\/span><\/p>\n<\/td>\n<\/tr>\n<\/tbody>\n<\/table>\n<table class=\"t1\" cellspacing=\"0\" cellpadding=\"0\">\n<tbody>\n<tr>\n<td class=\"td29\" valign=\"top\">\n<p class=\"p7\"><span class=\"s1\">16:30-17:00<\/span><\/p>\n<\/td>\n<td class=\"td30\" valign=\"top\">\n<p class=\"p7\"><span class=\"s1\"><b>Intercambio entre los participantes <\/b><\/span><\/p>\n<\/td>\n<td class=\"td31\" valign=\"top\">\n<p class=\"p7\"><span class=\"s1\">Reflexi\u00f3n e intervenci\u00f3n de los<span class=\"Apple-converted-space\">&nbsp; <\/span>j\u00f3venes <\/span><\/p>\n<\/td>\n<\/tr>\n<tr>\n<td class=\"td32\" valign=\"top\">\n<p class=\"p7\"><span class=\"s1\">17:00- 17:30 <\/span><\/p>\n<\/td>\n<td class=\"td33\" valign=\"top\">\n<p class=\"p7\"><span class=\"s1\"><b>Conversatorio sobre Mecanismos de articulaci\u00f3n juventud cooperativa <\/b><\/span><\/p>\n<\/td>\n<td class=\"td34\" valign=\"top\"><\/td>\n<\/tr>\n<tr>\n<td class=\"td35\" valign=\"top\">\n<p class=\"p7\"><span class=\"s1\">17:30- 18:30 <\/span><\/p>\n<\/td>\n<td class=\"td36\" valign=\"top\">\n<p class=\"p7\"><span class=\"s1\"><b>Intercambio entre los participantes y cierre del evento <\/b><\/span><\/p>\n<\/td>\n<td class=\"td37\" valign=\"top\">\n<p class=\"p7\"><span class=\"s1\">Reflexi\u00f3n de los participantes sobre los mecanismos de articulaci\u00f3n.<\/span><\/p>\n<p class=\"p7\"><span class=\"s1\">Palabras de cierre <\/span><\/p>\n<\/td>\n<\/tr>\n<\/tbody>\n<\/table>\n","protected":false},"excerpt":{"rendered":"<p>El compromiso y la participaci\u00f3n de los j\u00f3venes es esencial para lograr el desarrollo humano sostenible. Sin embargo, a menudo las oportunidades para los j\u00f3venes de participar pol\u00edtica, econ\u00f3mica y socialmente son pocas o inexistentes. La plena y efectiva participaci\u00f3n [&hellip;]<\/p>\n","protected":false},"author":1,"featured_media":1311,"comment_status":"open","ping_status":"open","sticky":false,"template":"","format":"standard","meta":{"footnotes":""},"categories":[63],"tags":[65],"class_list":["post-39","post","type-post","status-publish","format-standard","has-post-thumbnail","hentry","category-conclusiones","tag-innovacion"],"_links":{"self":[{"href":"https:\/\/www.aciamericas.coop\/xxiconferencia\/wp-json\/wp\/v2\/posts\/39"}],"collection":[{"href":"https:\/\/www.aciamericas.coop\/xxiconferencia\/wp-json\/wp\/v2\/posts"}],"about":[{"href":"https:\/\/www.aciamericas.coop\/xxiconferencia\/wp-json\/wp\/v2\/types\/post"}],"author":[{"embeddable":true,"href":"https:\/\/www.aciamericas.coop\/xxiconferencia\/wp-json\/wp\/v2\/users\/1"}],"replies":[{"embeddable":true,"href":"https:\/\/www.aciamericas.coop\/xxiconferencia\/wp-json\/wp\/v2\/comments?post=39"}],"version-history":[{"count":4,"href":"https:\/\/www.aciamericas.coop\/xxiconferencia\/wp-json\/wp\/v2\/posts\/39\/revisions"}],"predecessor-version":[{"id":1876,"href":"https:\/\/www.aciamericas.coop\/xxiconferencia\/wp-json\/wp\/v2\/posts\/39\/revisions\/1876"}],"wp:featuredmedia":[{"embeddable":true,"href":"https:\/\/www.aciamericas.coop\/xxiconferencia\/wp-json\/wp\/v2\/media\/1311"}],"wp:attachment":[{"href":"https:\/\/www.aciamericas.coop\/xxiconferencia\/wp-json\/wp\/v2\/media?parent=39"}],"wp:term":[{"taxonomy":"category","embeddable":true,"href":"https:\/\/www.aciamericas.coop\/xxiconferencia\/wp-json\/wp\/v2\/categories?post=39"},{"taxonomy":"post_tag","embeddable":true,"href":"https:\/\/www.aciamericas.coop\/xxiconferencia\/wp-json\/wp\/v2\/tags?post=39"}],"curies":[{"name":"wp","href":"https:\/\/api.w.org\/{rel}","templated":true}]}}