{"id":42,"date":"2017-02-18T04:55:31","date_gmt":"2017-02-18T04:55:31","guid":{"rendered":"http:\/\/an.captcha.com.co\/?p=42"},"modified":"2019-11-16T11:06:31","modified_gmt":"2019-11-16T16:06:31","slug":"encuentro-continental-de-juventud-cooperativa","status":"publish","type":"post","link":"https:\/\/www.aciamericas.coop\/xxiconferencia\/encuentro-continental-de-juventud-cooperativa\/","title":{"rendered":"Encuentro continental de juventud cooperativa: Juventud 4.0 Emprendimiento, Innovaci\u00f3n, Comunicaci\u00f3n e Incidencia"},"content":{"rendered":"<p class=\"p1\"><span class=\"s1\"> <i>\u201cEvolucionemos el discurso cooperativo de la juventud que es diverso, plural e incluyente<\/i><\/span><span class=\"s2\"><i>\u201d<\/i><\/span><\/p>\n<p class=\"p2\"><span class=\"s1\">La Conferencia Regional es la oportunidad que tenemos para poner en com\u00fan las necesidades y tambi\u00e9n los alcances que el cooperativismo continental ha logrado durante el a\u00f1o. <\/span><\/p>\n<p class=\"p3\"><span class=\"s1\">En esta ocasi\u00f3n y gracias a la colaboraci\u00f3n entre Cooperativas de las Am\u00e9ricas y el programa de la Uni\u00f3n Europea \u201cCooperativas para el desarrollo\u201d (#Coops4Dev) el Encuentro de J\u00f3venes ser\u00e1 gratuito previa <img loading=\"lazy\" decoding=\"async\" class=\"size-full wp-image-1840 alignright\" src=\"https:\/\/www.aciamericas.coop\/xxiconferencia\/wp-content\/uploads\/2017\/02\/Screen-Shot-2019-11-16-at-10.58.25-AM.png\" alt=\"\" width=\"147\" height=\"223\" \/>inscripci\u00f3n. Este encuentro tendr\u00e1 lugar el 18 de noviembre de 14 a 18 horas en el Hotel Intercontinental en Escaz\u00fa en la ciudad de San Jos\u00e9 de Costa Rica<span class=\"Apple-converted-space\">\u00a0 <\/span>y tendr\u00e1 como tema <\/span><span class=\"s3\"><b>Encuentro Regional de Juventud Cooperativa\u201cJuventud 4.0:Emprendimiento, Innovaci\u00f3n, Comunicaci\u00f3n, Incidencia .\u201c<\/b><\/span><\/p>\n<p class=\"p2\"><span class=\"s1\">Sin embargo, es importante que las cooperativas y los dirigentes de las organizaciones, apoyen la asistencia e inscripci\u00f3n de los j\u00f3venes al programa completo de la Conferencia donde habr\u00e1 actividades acad\u00e9micas y foros donde se tocar\u00e1n temas transversales a todo el movimiento cooperativo.<\/span><\/p>\n<p class=\"p2\"><span class=\"s1\">Es el momento de discutir nuevas formas de hacer empresa social frente a los cambios tecnol\u00f3gicos que ya no son un tema de las nuevas generaciones, sino que son una realidad que afecta a todas las estructuras de las empresas sean cooperativas o no y el sector social de la econom\u00eda no debe quedarse atr\u00e1s. <\/span><\/p>\n<p class=\"p2\"><span class=\"s1\"><i>\u201cA los j\u00f3venes les digo que la inclusi\u00f3n de las nuevas generaciones en las cooperativas no es f\u00e1cil, pero es nuestra tarea no dejar de insistir para encontrar las formas en como s\u00ed se pueden lograr las cosas.\u201d<\/i> <\/span><\/p>\n<p class=\"p2\"><span class=\"s1\">Desde el Comit\u00e9 Regional de Juventud estaremos trabajando de la mano con los j\u00f3venes anfitriones en Costa Rica para tener un espacio en el que todos puedan expresarse y encontrar soluciones a los retos que se nos presentan, queremos conocerlos y escucharlos para construir un nuevo discurso cooperativo de la juventud en donde quepan todas las formas de inclusi\u00f3n y asociaci\u00f3n de los j\u00f3venes. <\/span><\/p>\n<p class=\"p2\"><span class=\"s1\">\u00a1Los esperamos en #CRCoop2019! <\/span><\/p>\n<p class=\"p2\"><span class=\"s1\"><b>Ang\u00e9lica Soberanes, presidenta Comit\u00e9 Regional de Juventud, Cooperativas de las Am\u00e9rica<\/b><\/span><\/p>\n<p class=\"p5\"><span class=\"s1\"><i>\u201cQueremos que los j\u00f3venes de Costa Rica digan presente y que aquellas cooperativas y dirigentes muestren su apoyo para que adem\u00e1s del encuentro puedan ser parte de los diversos temas que se desarrollar\u00e1n durante toda la conferencia<\/i>\u201d<\/span><\/p>\n<p class=\"p2\"><span class=\"s1\"> Este a\u00f1o tendremos en nuestro pa\u00eds la XXI Conferencia Regional de Cooperativas de las Am\u00e9ricas, un espacio que nos permitir\u00e1 encontrar y desarrollar acuerdos de cara al cumplimiento de los Objetivos de Desarrollo Sostenible.<\/span><\/p>\n<p><img loading=\"lazy\" decoding=\"async\" class=\"size-full wp-image-1835 alignleft\" src=\"https:\/\/www.aciamericas.coop\/xxiconferencia\/wp-content\/uploads\/2017\/02\/Screen-Shot-2019-11-16-at-10.49.35-AM.png\" alt=\"\" width=\"249\" height=\"287\" \/><\/p>\n<p class=\"p2\"><span class=\"s1\">Sin duda esta es una oportunidad para que los j\u00f3venes de la regi\u00f3n levantemos la mano y seamos escuchados, poner nuestras propuestas sobre la mesa y tomar decisiones.<\/span><\/p>\n<p class=\"p2\"><span class=\"s1\">En esta ocasi\u00f3n hemos denominado este encuentro como Juventud 4.0 enfocada a 4 ejes fundamentales para toda empresa social: <b>\u201cEmprendimiento, Innovaci\u00f3n, Comunicaci\u00f3n e Incidencia<\/b>\u201d. Las cooperativas son una forma empresarial que nos permite desarrollar nuestras capacidades empresariales y a la vez hacerlo teniendo el desarrollo de las personas como eje central.<\/span><\/p>\n<p class=\"p7\"><span class=\"s1\">Cambio, impacto y sostenibilidad para el sector cooperativo ser\u00e1n los contenidos que m\u00e1s de 1000 asistentes podr\u00e1n trabajar sobre la agenda 2030 y por el mundo que queremos, siendo actores econ\u00f3micos con impacto social y sostenible.<\/span><\/p>\n<p class=\"p2\"><span class=\"s1\">Debemos trabajar desde cada una de nuestras cooperativas en la inclusi\u00f3n de la juventud, en una integraci\u00f3n generacional, encontrar los espacios para intercambiar la experiencia de muchos con ideas innovadores de la juventud. No es un proceso f\u00e1cil pero s\u00ed necesario para continuar creciendo como sector<\/span><\/p>\n<p class=\"p2\"><span class=\"s1\">Los esperamos del 18 al 20 de noviembre en el Hotel Intercontinental en San Jos\u00e9 Costa Rica. Las inscripciones est\u00e1n disponibles en <a href=\"https:\/\/www.aciamericas.coop\/xxiconferencia\/\"><span class=\"s4\">https:\/\/www.aciamericas.coop\/xxiconferencia\/<\/span><\/a><\/span><\/p>\n<p class=\"p9\"><span class=\"s5\">Las inscripciones al Evento Regional de Juventu est\u00e1n disponibles en el siguiente link:<span class=\"Apple-converted-space\">\u00a0 <\/span><\/span><span class=\"s2\">\u00a0<a href=\"https:\/\/docs.google.com\/forms\/d\/1uDlPycoVgjumdACd4LUKgqhBcAjWcKuF-oUR3Z1jYo8\/edit\"><span class=\"s6\">link<\/span><span class=\"s7\">\u00a0<\/span><span class=\"s6\">del laboratorio de<\/span><span class=\"s7\">\u00a0<\/span><span class=\"s6\">juventud<\/span><\/a><\/span><\/p>\n<p class=\"p2\"><span class=\"s1\"><b>Liseth Guzm\u00e1n Sand\u00ed, Gerente Comunicaci\u00f3n e Imagen, Instituto Nacional de Fomento Cooperativo de Costa Rica<\/b><\/span><\/p>\n","protected":false},"excerpt":{"rendered":"<p>\u201cEvolucionemos el discurso cooperativo de la juventud que es diverso, plural e incluyente\u201d La Conferencia Regional es la oportunidad que tenemos para poner en com\u00fan las necesidades y tambi\u00e9n los alcances que el cooperativismo continental ha logrado durante el a\u00f1o. [&hellip;]<\/p>\n","protected":false},"author":1,"featured_media":1835,"comment_status":"open","ping_status":"open","sticky":false,"template":"","format":"standard","meta":{"footnotes":""},"categories":[63],"tags":[],"class_list":["post-42","post","type-post","status-publish","format-standard","has-post-thumbnail","hentry","category-conclusiones"],"_links":{"self":[{"href":"https:\/\/www.aciamericas.coop\/xxiconferencia\/wp-json\/wp\/v2\/posts\/42"}],"collection":[{"href":"https:\/\/www.aciamericas.coop\/xxiconferencia\/wp-json\/wp\/v2\/posts"}],"about":[{"href":"https:\/\/www.aciamericas.coop\/xxiconferencia\/wp-json\/wp\/v2\/types\/post"}],"author":[{"embeddable":true,"href":"https:\/\/www.aciamericas.coop\/xxiconferencia\/wp-json\/wp\/v2\/users\/1"}],"replies":[{"embeddable":true,"href":"https:\/\/www.aciamericas.coop\/xxiconferencia\/wp-json\/wp\/v2\/comments?post=42"}],"version-history":[{"count":7,"href":"https:\/\/www.aciamericas.coop\/xxiconferencia\/wp-json\/wp\/v2\/posts\/42\/revisions"}],"predecessor-version":[{"id":1843,"href":"https:\/\/www.aciamericas.coop\/xxiconferencia\/wp-json\/wp\/v2\/posts\/42\/revisions\/1843"}],"wp:featuredmedia":[{"embeddable":true,"href":"https:\/\/www.aciamericas.coop\/xxiconferencia\/wp-json\/wp\/v2\/media\/1835"}],"wp:attachment":[{"href":"https:\/\/www.aciamericas.coop\/xxiconferencia\/wp-json\/wp\/v2\/media?parent=42"}],"wp:term":[{"taxonomy":"category","embeddable":true,"href":"https:\/\/www.aciamericas.coop\/xxiconferencia\/wp-json\/wp\/v2\/categories?post=42"},{"taxonomy":"post_tag","embeddable":true,"href":"https:\/\/www.aciamericas.coop\/xxiconferencia\/wp-json\/wp\/v2\/tags?post=42"}],"curies":[{"name":"wp","href":"https:\/\/api.w.org\/{rel}","templated":true}]}}