{"id":45,"date":"2019-05-15T10:56:09","date_gmt":"2019-05-15T15:56:09","guid":{"rendered":"http:\/\/an.captcha.com.co\/?p=45"},"modified":"2019-06-01T14:58:44","modified_gmt":"2019-06-01T19:58:44","slug":"primer-anuncio-congreso","status":"publish","type":"post","link":"https:\/\/www.aciamericas.coop\/xxiconferencia\/primer-anuncio-congreso\/","title":{"rendered":"Se realizar\u00e1 en Costa Rica Congreso Continental de Derecho Cooperativo"},"content":{"rendered":"<p>En conmemoraci\u00f3n del cincuentenario del Primer Congreso Continental de Derecho Cooperativo que tuvo lugar en M\u00e9rida, Venezuela, en noviembre de 1969, se realizar\u00e1 este a\u00f1o un nuevo Congreso Continental en coincidencia con la Conferencia Regional de Cooperativas de las Am\u00e9ricas.<\/p>\n<p>El encuentro, que constituye s\u00e9ptimo en la serie, se llevar\u00e1 a cabo en el mes de noviembre de 2019 en la ciudad de San Jos\u00e9, Costa Rica, en la sede del Colegio de Abogados de ese pa\u00eds que ha brindado su generoso auspicio al encuentro.<\/p>\n<p>El Congreso contin\u00faa la l\u00ednea de los anteriores Congresos Continentales que hicieron importantes aportes al progreso de la legislaci\u00f3n y al desarrollo de los estudios del Derecho Cooperativo en el Continente americano, siendo el \u00faltimo el que se realiz\u00f3 en Montevideo (Uruguay) en noviembre de 2016.<\/p>\n<p>La reuni\u00f3n brindar\u00e1 oportunidad para evaluar el avance alcanzado en la materia desde la jornada precursora cumplida hace cincuenta a\u00f1os con la participaci\u00f3n de delegados de numerosos pa\u00edses del Continente.<\/p>\n<p>La convocatoria est\u00e1 dirigida solo a abogados vinculados al quehacer cooperativo en sus distintas manifestaciones, profesores y estudiosos de la materia, magistrados y funcionarios de organismos p\u00fablicos relacionados con las cooperativas. Tambi\u00e9n podr\u00e1n participar dirigentes del movimiento cooperativo especialmente invitados.<\/p>\n<p>El temario del Congreso aborda los asuntos de mayor relevancia te\u00f3rica y pr\u00e1ctica del Derecho Cooperativo en la actualidad y su desarrollo se basar\u00e1 en el an\u00e1lisis y la discusi\u00f3n de las ponencias que sobre ellos presenten los delegados.<\/p>\n<p>En breve se har\u00e1n conocer los detalles de la organizaci\u00f3n, temario, fecha para la presentaci\u00f3n de ponencias e inscripci\u00f3n.<\/p>\n","protected":false},"excerpt":{"rendered":"<p>En conmemoraci\u00f3n del cincuentenario del Primer Congreso Continental de Derecho Cooperativo que tuvo lugar en M\u00e9rida, Venezuela, en noviembre de 1969, se realizar\u00e1 este a\u00f1o un nuevo Congreso Continental en coincidencia con la Conferencia Regional de Cooperativas de las Am\u00e9ricas. [&hellip;]<\/p>\n","protected":false},"author":1,"featured_media":946,"comment_status":"open","ping_status":"open","sticky":false,"template":"","format":"standard","meta":{"footnotes":""},"categories":[39],"tags":[40,43,41],"class_list":["post-45","post","type-post","status-publish","format-standard","has-post-thumbnail","hentry","category-congreso","tag-congreso","tag-costa-rica","tag-derecho-cooperativo"],"_links":{"self":[{"href":"https:\/\/www.aciamericas.coop\/xxiconferencia\/wp-json\/wp\/v2\/posts\/45"}],"collection":[{"href":"https:\/\/www.aciamericas.coop\/xxiconferencia\/wp-json\/wp\/v2\/posts"}],"about":[{"href":"https:\/\/www.aciamericas.coop\/xxiconferencia\/wp-json\/wp\/v2\/types\/post"}],"author":[{"embeddable":true,"href":"https:\/\/www.aciamericas.coop\/xxiconferencia\/wp-json\/wp\/v2\/users\/1"}],"replies":[{"embeddable":true,"href":"https:\/\/www.aciamericas.coop\/xxiconferencia\/wp-json\/wp\/v2\/comments?post=45"}],"version-history":[{"count":3,"href":"https:\/\/www.aciamericas.coop\/xxiconferencia\/wp-json\/wp\/v2\/posts\/45\/revisions"}],"predecessor-version":[{"id":949,"href":"https:\/\/www.aciamericas.coop\/xxiconferencia\/wp-json\/wp\/v2\/posts\/45\/revisions\/949"}],"wp:featuredmedia":[{"embeddable":true,"href":"https:\/\/www.aciamericas.coop\/xxiconferencia\/wp-json\/wp\/v2\/media\/946"}],"wp:attachment":[{"href":"https:\/\/www.aciamericas.coop\/xxiconferencia\/wp-json\/wp\/v2\/media?parent=45"}],"wp:term":[{"taxonomy":"category","embeddable":true,"href":"https:\/\/www.aciamericas.coop\/xxiconferencia\/wp-json\/wp\/v2\/categories?post=45"},{"taxonomy":"post_tag","embeddable":true,"href":"https:\/\/www.aciamericas.coop\/xxiconferencia\/wp-json\/wp\/v2\/tags?post=45"}],"curies":[{"name":"wp","href":"https:\/\/api.w.org\/{rel}","templated":true}]}}