{"id":50,"date":"2019-05-20T10:57:35","date_gmt":"2019-05-20T15:57:35","guid":{"rendered":"http:\/\/an.captcha.com.co\/?p=50"},"modified":"2019-09-13T13:00:58","modified_gmt":"2019-09-13T18:00:58","slug":"segundo-anuncio-congreso","status":"publish","type":"post","link":"https:\/\/www.aciamericas.coop\/xxiconferencia\/segundo-anuncio-congreso\/","title":{"rendered":"Temario del congreso continental de derecho cooperativo"},"content":{"rendered":"<p>La agenda del Congreso Continental de Derecho Cooperativo que se realizar\u00e1 en San Jos\u00e9 (Costa Rica) entre el 20 y el 22 de noviembre de 2019 incluye temas de especial relevancia para los abogados, acad\u00e9micos, magistrados, legisladores y funcionarios p\u00fablicos interesados en el quehacer del movimiento cooperativo.<\/p>\n<p>El encuentro, que cuenta con el apoyo del Colegio de Abogados de Costa Rica, tratar\u00e1 los siguientes temas:<\/p>\n<p>1. El acto cooperativo. Recepci\u00f3n legislativa y jurisprudencial. Efectos en las distintas clases de cooperativas (consumo, cr\u00e9dito, trabajo asociado, servicios p\u00fablicos, etc.)<\/p>\n<p>2. Derecho cooperativo comparado. Armonizaci\u00f3n legislativa. Los principios cooperativos y<\/p>\n<p>la legislaci\u00f3n cooperativa<\/p>\n<p>3. El capital cooperativo. Fuentes. Tratamiento contable<\/p>\n<p>4. Supervisi\u00f3n estatal de las cooperativas. Objetivos y l\u00edmites.\u00a0 El autocontrol.<\/p>\n<p>5. El gobierno de las cooperativas. Diferencia con las corporaciones<\/p>\n<p>6. Tratamiento tributario de las cooperativas. Diferentes impuestos<\/p>\n<p>Las sesiones, tanto generales como de comisiones espec\u00edficas, brindar\u00e1n ocasi\u00f3n de analizar la problem\u00e1tica jur\u00eddica relacionada con estos temas en los diferentes pa\u00edses de la regi\u00f3n y facilitar\u00e1n excelente oportunidad de intercambio de informaci\u00f3n y experiencias entre los participantes. De esa manera se enriquecer\u00e1 la cultura jur\u00eddica de la materia, contribuyendo al progreso de Derecho Cooperativo regional.<\/p>\n<p>Los participantes podr\u00e1n presentar ponencias relacionadas con los temas previstos en la agenda, las que deben reunir los requisitos establecidos en el reglamento del Congreso que estar\u00e1 publicado en el sitio web de Cooperativas de las Am\u00e9ricas juntamente con la informaci\u00f3n acerca de la inscripci\u00f3n.<\/p>\n<p>Los anteriores congresos, realizados a partir del que tuvo lugar en M\u00e9rida (Venezuela) hace cincuenta a\u00f1os, han constituido un trascendente foro para el debate de los grandes temas del Derecho Cooperativo. En esa l\u00ednea se ubica el de San Jos\u00e9 de noviembre de 2019.<\/p>\n<p>Espere mayor informaci\u00f3n sobre precios y fechas de inscripci\u00f3n, no se pierda este memorable evento para el sector cooperativo.<\/p>\n","protected":false},"excerpt":{"rendered":"<p>La agenda del Congreso Continental de Derecho Cooperativo que se realizar\u00e1 en San Jos\u00e9 (Costa Rica) entre el 20 y el 22 de noviembre de 2019 incluye temas de especial relevancia para los abogados, acad\u00e9micos, magistrados, legisladores y funcionarios p\u00fablicos [&hellip;]<\/p>\n","protected":false},"author":1,"featured_media":947,"comment_status":"open","ping_status":"open","sticky":false,"template":"","format":"standard","meta":{"footnotes":""},"categories":[39],"tags":[42,40,43,41],"class_list":["post-50","post","type-post","status-publish","format-standard","has-post-thumbnail","hentry","category-congreso","tag-colegio-de-abogados","tag-congreso","tag-costa-rica","tag-derecho-cooperativo"],"_links":{"self":[{"href":"https:\/\/www.aciamericas.coop\/xxiconferencia\/wp-json\/wp\/v2\/posts\/50"}],"collection":[{"href":"https:\/\/www.aciamericas.coop\/xxiconferencia\/wp-json\/wp\/v2\/posts"}],"about":[{"href":"https:\/\/www.aciamericas.coop\/xxiconferencia\/wp-json\/wp\/v2\/types\/post"}],"author":[{"embeddable":true,"href":"https:\/\/www.aciamericas.coop\/xxiconferencia\/wp-json\/wp\/v2\/users\/1"}],"replies":[{"embeddable":true,"href":"https:\/\/www.aciamericas.coop\/xxiconferencia\/wp-json\/wp\/v2\/comments?post=50"}],"version-history":[{"count":3,"href":"https:\/\/www.aciamericas.coop\/xxiconferencia\/wp-json\/wp\/v2\/posts\/50\/revisions"}],"predecessor-version":[{"id":948,"href":"https:\/\/www.aciamericas.coop\/xxiconferencia\/wp-json\/wp\/v2\/posts\/50\/revisions\/948"}],"wp:featuredmedia":[{"embeddable":true,"href":"https:\/\/www.aciamericas.coop\/xxiconferencia\/wp-json\/wp\/v2\/media\/947"}],"wp:attachment":[{"href":"https:\/\/www.aciamericas.coop\/xxiconferencia\/wp-json\/wp\/v2\/media?parent=50"}],"wp:term":[{"taxonomy":"category","embeddable":true,"href":"https:\/\/www.aciamericas.coop\/xxiconferencia\/wp-json\/wp\/v2\/categories?post=50"},{"taxonomy":"post_tag","embeddable":true,"href":"https:\/\/www.aciamericas.coop\/xxiconferencia\/wp-json\/wp\/v2\/tags?post=50"}],"curies":[{"name":"wp","href":"https:\/\/api.w.org\/{rel}","templated":true}]}}